{"id":1424,"date":"2020-07-28T15:22:27","date_gmt":"2020-07-28T13:22:27","guid":{"rendered":"https:\/\/www.comll.cat\/comunicat-sobre-el-projecte-de-construccio-de-la-nova-seu-del-collegi-oficial-de-metges-de-lleida\/"},"modified":"2022-03-29T19:35:37","modified_gmt":"2022-03-29T17:35:37","slug":"comunicado-sobre-el-proyecto-de-construccion-de-la-nueva-sede-del-colegio-oficial-de-medicos-de-lleida","status":"publish","type":"post","link":"https:\/\/www.comll.cat\/es\/comunicado-sobre-el-proyecto-de-construccion-de-la-nueva-sede-del-colegio-oficial-de-medicos-de-lleida\/","title":{"rendered":"Nota aclaratoria sobre el proyecto de construcci\u00f3n de la nueva sede del Colegio Oficial de M\u00e9dicos de Lleida"},"content":{"rendered":"<p><img loading=\"lazy\" decoding=\"async\" class=\"alignnone size-medium wp-image-25217\" src=\"https:\/\/www.comll.cat\/wp-content\/uploads\/\/7e502aaa-90a5-4274-9564-ef32c5870df7-opt-300x177.jpg\" alt=\"7e502aaa-90a5-4274-9564-ef32c5870df7_opt\" width=\"300\" height=\"177\" \/><\/p>\n<p style=\"text-align: justify;\">El diario la Ma\u00f1ana con fecha 21 de julio publicaba una noticia de relevante inter\u00e9s para este Colegio. En su informaci\u00f3n detallaba que la Comisi\u00f3n de Urbanismo del Ayuntamiento de Lleida ten\u00eda prevista\u00a0la aprobacion inicial del Plan de Mejora Urbana, de ordenaci\u00f3n de vol\u00famenes y composici\u00f3n de fachandas, para la implantaci\u00f3n de la sede del Colegio Oficial de M\u00e9dicos de Lleida en el solar situado en la avenida Alcalde Rovira Roure, 41, en el contexto de la preceptiva ordenaci\u00f3n de acuerdo con el Plan General de Urbanismo.<\/p>\n<p style=\"text-align: justify;\">La iniciativa tiene su antecedente en la Asamblea Extraordinaria de fecha 21 de septiembre de 2017, en la que se aprob\u00f3 la adquisici\u00f3n del solar con una superf\u00edcie total de 1.306,60 m2, con el fin de construir la nueva sede colegial. Posteriormente se ampli\u00f3 el plan de aprovechamiento de los terrenos proyectando una residencia de m\u00e9dicos internos residentes y otros m\u00e9dicos vinculados al sistema universitario, con el objetivo de dar servicios y atraer a nuevos colegiados. El nuevo edificio contempla espacios destinados a recepci\u00f3n y atenci\u00f3n a los col\u00b7legiados, despachos para diferentes departamentos, sala de juntas, salas de formaci\u00f3n y presentaciones, servicios, zona de estar para el personal, zona social y cafeter\u00eda, espacio polivalente y de pr\u00e1cticas guiadas, accesos y espacios de archivo, adem\u00e1s de aparcamiento de veh\u00edculos.<\/p>\n<p style=\"text-align: justify;\">La aprobaci\u00f3n inicial del Plan corresponde, por delegaci\u00f3n, a la Junta de Gobierno Local. Ser\u00e1 necesar\u00edo exponer a informaci\u00f3n p\u00fablica el acuerdo de aprobaci\u00f3n y el documento t\u00e9cnico en el plazo de un mes. Transcurrido el per\u00edodo de informaci\u00f3n p\u00fablica se podr\u00e1\u00a0proceder, en su caso, a la aprobaci\u00f3n provisional por parte de la Paeria y, posteriormente, se enivar\u00e1 el expediente a la Comisi\u00f3n Territorial de Urbanismo de Lleida para proceder a su aprobaci\u00f3n definitiva.<br \/>\nA destacar que\u00a0en breve se proceder\u00e1\u00a0al derribo de la construccion actual, a fin de dejar despejado el solar.<\/p>\n<p style=\"text-align: justify;\">De esta forma, se ha llevado a cabo el primero de los pasos a seguir en las tramitaciones hasta lograr su aprobaci\u00f3n definitiva. Ser\u00e1 entonces, una vez finalizada la tramitaci\u00f3n del referido Plan, cuando el proyecto final de construcci\u00f3n de la nueva sede se presentar\u00e1 y deber\u00e1 ser\u00a0sometido a aprobaci\u00f3n por la Asamblea General de Colegiados.<\/p>\n<p style=\"text-align: justify;\">\n<p style=\"text-align: justify;\">Atentamente,<\/p>\n<p style=\"text-align: justify;\">Junta de Gobierno del COMLL<\/p>\n","protected":false},"excerpt":{"rendered":"<p>El diario la Ma\u00f1ana con fecha 21 de julio publicaba una noticia de relevante inter\u00e9s para este Colegio. En su...<\/p>\n","protected":false},"author":1,"featured_media":1425,"comment_status":"closed","ping_status":"closed","sticky":false,"template":"","format":"standard","meta":{"_acf_changed":false,"inline_featured_image":false,"footnotes":""},"categories":[18],"tags":[],"class_list":["post-1424","post","type-post","status-publish","format-standard","has-post-thumbnail","hentry","category-noticias"],"acf":[],"yoast_head":"<!-- This site is optimized with the Yoast SEO plugin v27.5 - https:\/\/yoast.com\/product\/yoast-seo-wordpress\/ -->\n<title>Nota aclaratoria sobre el proyecto de construcci\u00f3n de la nueva sede del Colegio Oficial de M\u00e9dicos de Lleida - Col\u00b7legi Oficial de Metges de Lleida<\/title>\n<meta name=\"robots\" content=\"index, follow, max-snippet:-1, max-image-preview:large, max-video-preview:-1\" \/>\n<link rel=\"canonical\" href=\"https:\/\/www.comll.cat\/es\/comunicado-sobre-el-proyecto-de-construccion-de-la-nueva-sede-del-colegio-oficial-de-medicos-de-lleida\/\" \/>\n<meta property=\"og:locale\" content=\"es_ES\" \/>\n<meta property=\"og:type\" content=\"article\" \/>\n<meta property=\"og:title\" content=\"Nota aclaratoria sobre el proyecto de construcci\u00f3n de la nueva sede del Colegio Oficial de M\u00e9dicos de Lleida - Col\u00b7legi Oficial de Metges de Lleida\" \/>\n<meta property=\"og:description\" content=\"El diario la Ma\u00f1ana con fecha 21 de julio publicaba una noticia de relevante inter\u00e9s para este Colegio. En su...\" \/>\n<meta property=\"og:url\" content=\"https:\/\/www.comll.cat\/es\/comunicado-sobre-el-proyecto-de-construccion-de-la-nueva-sede-del-colegio-oficial-de-medicos-de-lleida\/\" \/>\n<meta property=\"og:site_name\" content=\"Col\u00b7legi Oficial de Metges de Lleida\" \/>\n<meta property=\"article:published_time\" content=\"2020-07-28T13:22:27+00:00\" \/>\n<meta property=\"article:modified_time\" content=\"2022-03-29T17:35:37+00:00\" \/>\n<meta property=\"og:image\" content=\"https:\/\/www.comll.cat\/es\/wp-content\/uploads\/sites\/3\/7e502aaa-90a5-4274-9564-ef32c5870df7-opt-1.jpg\" \/>\n\t<meta property=\"og:image:width\" content=\"400\" \/>\n\t<meta property=\"og:image:height\" content=\"236\" \/>\n\t<meta property=\"og:image:type\" content=\"image\/jpeg\" \/>\n<meta name=\"author\" content=\"Albert\" \/>\n<meta name=\"twitter:card\" content=\"summary_large_image\" \/>\n<script type=\"application\/ld+json\" class=\"yoast-schema-graph\">{\"@context\":\"https:\\\/\\\/schema.org\",\"@graph\":[{\"@type\":\"Article\",\"@id\":\"https:\\\/\\\/www.comll.cat\\\/es\\\/comunicado-sobre-el-proyecto-de-construccion-de-la-nueva-sede-del-colegio-oficial-de-medicos-de-lleida\\\/#article\",\"isPartOf\":{\"@id\":\"https:\\\/\\\/www.comll.cat\\\/es\\\/comunicado-sobre-el-proyecto-de-construccion-de-la-nueva-sede-del-colegio-oficial-de-medicos-de-lleida\\\/\"},\"author\":{\"name\":\"Albert\",\"@id\":\"https:\\\/\\\/www.comll.cat\\\/es\\\/#\\\/schema\\\/person\\\/1c7bc4d83b35a927d680cfe0ec9120e0\"},\"headline\":\"Nota aclaratoria sobre el proyecto de construcci\u00f3n de la nueva sede del Colegio Oficial de M\u00e9dicos de Lleida\",\"datePublished\":\"2020-07-28T13:22:27+00:00\",\"dateModified\":\"2022-03-29T17:35:37+00:00\",\"mainEntityOfPage\":{\"@id\":\"https:\\\/\\\/www.comll.cat\\\/es\\\/comunicado-sobre-el-proyecto-de-construccion-de-la-nueva-sede-del-colegio-oficial-de-medicos-de-lleida\\\/\"},\"wordCount\":429,\"image\":{\"@id\":\"https:\\\/\\\/www.comll.cat\\\/es\\\/comunicado-sobre-el-proyecto-de-construccion-de-la-nueva-sede-del-colegio-oficial-de-medicos-de-lleida\\\/#primaryimage\"},\"thumbnailUrl\":\"https:\\\/\\\/www.comll.cat\\\/es\\\/wp-content\\\/uploads\\\/sites\\\/3\\\/7e502aaa-90a5-4274-9564-ef32c5870df7-opt-1.jpg\",\"articleSection\":[\"Noticias\"],\"inLanguage\":\"es\"},{\"@type\":\"WebPage\",\"@id\":\"https:\\\/\\\/www.comll.cat\\\/es\\\/comunicado-sobre-el-proyecto-de-construccion-de-la-nueva-sede-del-colegio-oficial-de-medicos-de-lleida\\\/\",\"url\":\"https:\\\/\\\/www.comll.cat\\\/es\\\/comunicado-sobre-el-proyecto-de-construccion-de-la-nueva-sede-del-colegio-oficial-de-medicos-de-lleida\\\/\",\"name\":\"Nota aclaratoria sobre el proyecto de construcci\u00f3n de la nueva sede del Colegio Oficial de M\u00e9dicos de Lleida - Col\u00b7legi Oficial de Metges de Lleida\",\"isPartOf\":{\"@id\":\"https:\\\/\\\/www.comll.cat\\\/es\\\/#website\"},\"primaryImageOfPage\":{\"@id\":\"https:\\\/\\\/www.comll.cat\\\/es\\\/comunicado-sobre-el-proyecto-de-construccion-de-la-nueva-sede-del-colegio-oficial-de-medicos-de-lleida\\\/#primaryimage\"},\"image\":{\"@id\":\"https:\\\/\\\/www.comll.cat\\\/es\\\/comunicado-sobre-el-proyecto-de-construccion-de-la-nueva-sede-del-colegio-oficial-de-medicos-de-lleida\\\/#primaryimage\"},\"thumbnailUrl\":\"https:\\\/\\\/www.comll.cat\\\/es\\\/wp-content\\\/uploads\\\/sites\\\/3\\\/7e502aaa-90a5-4274-9564-ef32c5870df7-opt-1.jpg\",\"datePublished\":\"2020-07-28T13:22:27+00:00\",\"dateModified\":\"2022-03-29T17:35:37+00:00\",\"author\":{\"@id\":\"https:\\\/\\\/www.comll.cat\\\/es\\\/#\\\/schema\\\/person\\\/1c7bc4d83b35a927d680cfe0ec9120e0\"},\"breadcrumb\":{\"@id\":\"https:\\\/\\\/www.comll.cat\\\/es\\\/comunicado-sobre-el-proyecto-de-construccion-de-la-nueva-sede-del-colegio-oficial-de-medicos-de-lleida\\\/#breadcrumb\"},\"inLanguage\":\"es\",\"potentialAction\":[{\"@type\":\"ReadAction\",\"target\":[\"https:\\\/\\\/www.comll.cat\\\/es\\\/comunicado-sobre-el-proyecto-de-construccion-de-la-nueva-sede-del-colegio-oficial-de-medicos-de-lleida\\\/\"]}]},{\"@type\":\"ImageObject\",\"inLanguage\":\"es\",\"@id\":\"https:\\\/\\\/www.comll.cat\\\/es\\\/comunicado-sobre-el-proyecto-de-construccion-de-la-nueva-sede-del-colegio-oficial-de-medicos-de-lleida\\\/#primaryimage\",\"url\":\"https:\\\/\\\/www.comll.cat\\\/es\\\/wp-content\\\/uploads\\\/sites\\\/3\\\/7e502aaa-90a5-4274-9564-ef32c5870df7-opt-1.jpg\",\"contentUrl\":\"https:\\\/\\\/www.comll.cat\\\/es\\\/wp-content\\\/uploads\\\/sites\\\/3\\\/7e502aaa-90a5-4274-9564-ef32c5870df7-opt-1.jpg\",\"width\":400,\"height\":236},{\"@type\":\"BreadcrumbList\",\"@id\":\"https:\\\/\\\/www.comll.cat\\\/es\\\/comunicado-sobre-el-proyecto-de-construccion-de-la-nueva-sede-del-colegio-oficial-de-medicos-de-lleida\\\/#breadcrumb\",\"itemListElement\":[{\"@type\":\"ListItem\",\"position\":1,\"name\":\"Portada\",\"item\":\"https:\\\/\\\/www.comll.cat\\\/es\\\/\"},{\"@type\":\"ListItem\",\"position\":2,\"name\":\"Nota aclaratoria sobre el proyecto de construcci\u00f3n de la nueva sede del Colegio Oficial de M\u00e9dicos de Lleida\"}]},{\"@type\":\"WebSite\",\"@id\":\"https:\\\/\\\/www.comll.cat\\\/es\\\/#website\",\"url\":\"https:\\\/\\\/www.comll.cat\\\/es\\\/\",\"name\":\"Col\u00b7legi Oficial de Metges de Lleida\",\"description\":\"COMLL\",\"potentialAction\":[{\"@type\":\"SearchAction\",\"target\":{\"@type\":\"EntryPoint\",\"urlTemplate\":\"https:\\\/\\\/www.comll.cat\\\/es\\\/?s={search_term_string}\"},\"query-input\":{\"@type\":\"PropertyValueSpecification\",\"valueRequired\":true,\"valueName\":\"search_term_string\"}}],\"inLanguage\":\"es\"},{\"@type\":\"Person\",\"@id\":\"https:\\\/\\\/www.comll.cat\\\/es\\\/#\\\/schema\\\/person\\\/1c7bc4d83b35a927d680cfe0ec9120e0\",\"name\":\"Albert\",\"image\":{\"@type\":\"ImageObject\",\"inLanguage\":\"es\",\"@id\":\"https:\\\/\\\/secure.gravatar.com\\\/avatar\\\/c1261138a5e7882394bd9001104fe7078a2d860997555a5353af4ef7bd38f6db?s=96&d=mm&r=g\",\"url\":\"https:\\\/\\\/secure.gravatar.com\\\/avatar\\\/c1261138a5e7882394bd9001104fe7078a2d860997555a5353af4ef7bd38f6db?s=96&d=mm&r=g\",\"contentUrl\":\"https:\\\/\\\/secure.gravatar.com\\\/avatar\\\/c1261138a5e7882394bd9001104fe7078a2d860997555a5353af4ef7bd38f6db?s=96&d=mm&r=g\",\"caption\":\"Albert\"},\"sameAs\":[\"https:\\\/\\\/www.comll.cat\"]}]}<\/script>\n<!-- \/ Yoast SEO plugin. -->","yoast_head_json":{"title":"Nota aclaratoria sobre el proyecto de construcci\u00f3n de la nueva sede del Colegio Oficial de M\u00e9dicos de Lleida - Col\u00b7legi Oficial de Metges de Lleida","robots":{"index":"index","follow":"follow","max-snippet":"max-snippet:-1","max-image-preview":"max-image-preview:large","max-video-preview":"max-video-preview:-1"},"canonical":"https:\/\/www.comll.cat\/es\/comunicado-sobre-el-proyecto-de-construccion-de-la-nueva-sede-del-colegio-oficial-de-medicos-de-lleida\/","og_locale":"es_ES","og_type":"article","og_title":"Nota aclaratoria sobre el proyecto de construcci\u00f3n de la nueva sede del Colegio Oficial de M\u00e9dicos de Lleida - Col\u00b7legi Oficial de Metges de Lleida","og_description":"El diario la Ma\u00f1ana con fecha 21 de julio publicaba una noticia de relevante inter\u00e9s para este Colegio. En su...","og_url":"https:\/\/www.comll.cat\/es\/comunicado-sobre-el-proyecto-de-construccion-de-la-nueva-sede-del-colegio-oficial-de-medicos-de-lleida\/","og_site_name":"Col\u00b7legi Oficial de Metges de Lleida","article_published_time":"2020-07-28T13:22:27+00:00","article_modified_time":"2022-03-29T17:35:37+00:00","og_image":[{"width":400,"height":236,"url":"https:\/\/www.comll.cat\/es\/wp-content\/uploads\/sites\/3\/7e502aaa-90a5-4274-9564-ef32c5870df7-opt-1.jpg","type":"image\/jpeg"}],"author":"Albert","twitter_card":"summary_large_image","schema":{"@context":"https:\/\/schema.org","@graph":[{"@type":"Article","@id":"https:\/\/www.comll.cat\/es\/comunicado-sobre-el-proyecto-de-construccion-de-la-nueva-sede-del-colegio-oficial-de-medicos-de-lleida\/#article","isPartOf":{"@id":"https:\/\/www.comll.cat\/es\/comunicado-sobre-el-proyecto-de-construccion-de-la-nueva-sede-del-colegio-oficial-de-medicos-de-lleida\/"},"author":{"name":"Albert","@id":"https:\/\/www.comll.cat\/es\/#\/schema\/person\/1c7bc4d83b35a927d680cfe0ec9120e0"},"headline":"Nota aclaratoria sobre el proyecto de construcci\u00f3n de la nueva sede del Colegio Oficial de M\u00e9dicos de Lleida","datePublished":"2020-07-28T13:22:27+00:00","dateModified":"2022-03-29T17:35:37+00:00","mainEntityOfPage":{"@id":"https:\/\/www.comll.cat\/es\/comunicado-sobre-el-proyecto-de-construccion-de-la-nueva-sede-del-colegio-oficial-de-medicos-de-lleida\/"},"wordCount":429,"image":{"@id":"https:\/\/www.comll.cat\/es\/comunicado-sobre-el-proyecto-de-construccion-de-la-nueva-sede-del-colegio-oficial-de-medicos-de-lleida\/#primaryimage"},"thumbnailUrl":"https:\/\/www.comll.cat\/es\/wp-content\/uploads\/sites\/3\/7e502aaa-90a5-4274-9564-ef32c5870df7-opt-1.jpg","articleSection":["Noticias"],"inLanguage":"es"},{"@type":"WebPage","@id":"https:\/\/www.comll.cat\/es\/comunicado-sobre-el-proyecto-de-construccion-de-la-nueva-sede-del-colegio-oficial-de-medicos-de-lleida\/","url":"https:\/\/www.comll.cat\/es\/comunicado-sobre-el-proyecto-de-construccion-de-la-nueva-sede-del-colegio-oficial-de-medicos-de-lleida\/","name":"Nota aclaratoria sobre el proyecto de construcci\u00f3n de la nueva sede del Colegio Oficial de M\u00e9dicos de Lleida - Col\u00b7legi Oficial de Metges de Lleida","isPartOf":{"@id":"https:\/\/www.comll.cat\/es\/#website"},"primaryImageOfPage":{"@id":"https:\/\/www.comll.cat\/es\/comunicado-sobre-el-proyecto-de-construccion-de-la-nueva-sede-del-colegio-oficial-de-medicos-de-lleida\/#primaryimage"},"image":{"@id":"https:\/\/www.comll.cat\/es\/comunicado-sobre-el-proyecto-de-construccion-de-la-nueva-sede-del-colegio-oficial-de-medicos-de-lleida\/#primaryimage"},"thumbnailUrl":"https:\/\/www.comll.cat\/es\/wp-content\/uploads\/sites\/3\/7e502aaa-90a5-4274-9564-ef32c5870df7-opt-1.jpg","datePublished":"2020-07-28T13:22:27+00:00","dateModified":"2022-03-29T17:35:37+00:00","author":{"@id":"https:\/\/www.comll.cat\/es\/#\/schema\/person\/1c7bc4d83b35a927d680cfe0ec9120e0"},"breadcrumb":{"@id":"https:\/\/www.comll.cat\/es\/comunicado-sobre-el-proyecto-de-construccion-de-la-nueva-sede-del-colegio-oficial-de-medicos-de-lleida\/#breadcrumb"},"inLanguage":"es","potentialAction":[{"@type":"ReadAction","target":["https:\/\/www.comll.cat\/es\/comunicado-sobre-el-proyecto-de-construccion-de-la-nueva-sede-del-colegio-oficial-de-medicos-de-lleida\/"]}]},{"@type":"ImageObject","inLanguage":"es","@id":"https:\/\/www.comll.cat\/es\/comunicado-sobre-el-proyecto-de-construccion-de-la-nueva-sede-del-colegio-oficial-de-medicos-de-lleida\/#primaryimage","url":"https:\/\/www.comll.cat\/es\/wp-content\/uploads\/sites\/3\/7e502aaa-90a5-4274-9564-ef32c5870df7-opt-1.jpg","contentUrl":"https:\/\/www.comll.cat\/es\/wp-content\/uploads\/sites\/3\/7e502aaa-90a5-4274-9564-ef32c5870df7-opt-1.jpg","width":400,"height":236},{"@type":"BreadcrumbList","@id":"https:\/\/www.comll.cat\/es\/comunicado-sobre-el-proyecto-de-construccion-de-la-nueva-sede-del-colegio-oficial-de-medicos-de-lleida\/#breadcrumb","itemListElement":[{"@type":"ListItem","position":1,"name":"Portada","item":"https:\/\/www.comll.cat\/es\/"},{"@type":"ListItem","position":2,"name":"Nota aclaratoria sobre el proyecto de construcci\u00f3n de la nueva sede del Colegio Oficial de M\u00e9dicos de Lleida"}]},{"@type":"WebSite","@id":"https:\/\/www.comll.cat\/es\/#website","url":"https:\/\/www.comll.cat\/es\/","name":"Col\u00b7legi Oficial de Metges de Lleida","description":"COMLL","potentialAction":[{"@type":"SearchAction","target":{"@type":"EntryPoint","urlTemplate":"https:\/\/www.comll.cat\/es\/?s={search_term_string}"},"query-input":{"@type":"PropertyValueSpecification","valueRequired":true,"valueName":"search_term_string"}}],"inLanguage":"es"},{"@type":"Person","@id":"https:\/\/www.comll.cat\/es\/#\/schema\/person\/1c7bc4d83b35a927d680cfe0ec9120e0","name":"Albert","image":{"@type":"ImageObject","inLanguage":"es","@id":"https:\/\/secure.gravatar.com\/avatar\/c1261138a5e7882394bd9001104fe7078a2d860997555a5353af4ef7bd38f6db?s=96&d=mm&r=g","url":"https:\/\/secure.gravatar.com\/avatar\/c1261138a5e7882394bd9001104fe7078a2d860997555a5353af4ef7bd38f6db?s=96&d=mm&r=g","contentUrl":"https:\/\/secure.gravatar.com\/avatar\/c1261138a5e7882394bd9001104fe7078a2d860997555a5353af4ef7bd38f6db?s=96&d=mm&r=g","caption":"Albert"},"sameAs":["https:\/\/www.comll.cat"]}]}},"publishpress_future_action":{"enabled":false,"date":"2026-04-30 06:20:05","action":"change-status","newStatus":"draft","terms":[],"taxonomy":"category","extraData":[]},"publishpress_future_workflow_manual_trigger":{"enabledWorkflows":[]},"_links":{"self":[{"href":"https:\/\/www.comll.cat\/es\/wp-json\/wp\/v2\/posts\/1424","targetHints":{"allow":["GET"]}}],"collection":[{"href":"https:\/\/www.comll.cat\/es\/wp-json\/wp\/v2\/posts"}],"about":[{"href":"https:\/\/www.comll.cat\/es\/wp-json\/wp\/v2\/types\/post"}],"author":[{"embeddable":true,"href":"https:\/\/www.comll.cat\/es\/wp-json\/wp\/v2\/users\/1"}],"replies":[{"embeddable":true,"href":"https:\/\/www.comll.cat\/es\/wp-json\/wp\/v2\/comments?post=1424"}],"version-history":[{"count":0,"href":"https:\/\/www.comll.cat\/es\/wp-json\/wp\/v2\/posts\/1424\/revisions"}],"wp:featuredmedia":[{"embeddable":true,"href":"https:\/\/www.comll.cat\/es\/wp-json\/wp\/v2\/media\/1425"}],"wp:attachment":[{"href":"https:\/\/www.comll.cat\/es\/wp-json\/wp\/v2\/media?parent=1424"}],"wp:term":[{"taxonomy":"category","embeddable":true,"href":"https:\/\/www.comll.cat\/es\/wp-json\/wp\/v2\/categories?post=1424"},{"taxonomy":"post_tag","embeddable":true,"href":"https:\/\/www.comll.cat\/es\/wp-json\/wp\/v2\/tags?post=1424"}],"curies":[{"name":"wp","href":"https:\/\/api.w.org\/{rel}","templated":true}]}}