{"id":1414,"date":"2020-07-31T11:00:24","date_gmt":"2020-07-31T09:00:24","guid":{"rendered":"https:\/\/www.comll.cat\/humanitzar-latencio-al-pacient-mitjancant-la-terapia-assistida-amb-animals\/"},"modified":"2022-03-29T19:35:34","modified_gmt":"2022-03-29T17:35:34","slug":"humanitzar-latencio-al-pacient-mitjancant-la-terapia-assistida-amb-animals","status":"publish","type":"post","link":"https:\/\/www.comll.cat\/es\/humanitzar-latencio-al-pacient-mitjancant-la-terapia-assistida-amb-animals\/","title":{"rendered":"Humanitzar l'atenci\u00f3 al pacient mitjan\u00e7ant la ter\u00e0pia assistida amb animals"},"content":{"rendered":"<p style=\"text-align: justify;\"><strong><img loading=\"lazy\" decoding=\"async\" class=\"alignnone size-medium wp-image-25268\" src=\"https:\/\/www.comll.cat\/wp-content\/uploads\/terapia-animals-300x224.jpg\" alt=\"terapia-animals\" width=\"300\" height=\"224\" \/><\/strong><\/p>\n<p style=\"text-align: justify;\"><strong>Dra.\u00a0Maylos\u00a0Rodrigo\u00a0Claverol<\/strong><span data-contrast=\"auto\"><strong>.<\/strong> Medicina Familiar i\u00a0<\/span><span data-contrast=\"auto\">Comunit\u00e0ria<\/span><span data-contrast=\"auto\">. Experta\u00a0<\/span><span data-contrast=\"auto\">Universit\u00e0ria<\/span><span data-contrast=\"auto\">\u00a0en TAA<\/span><span data-ccp-props=\"{&quot;201341983&quot;:0,&quot;335551550&quot;:6,&quot;335551620&quot;:6,&quot;335559739&quot;:200,&quot;335559740&quot;:360}\">\u00a0<\/span><\/p>\n<p style=\"text-align: justify;\"><strong>Dra. J\u00falia\u00a0Jov\u00e9<\/strong><span data-contrast=\"auto\"><strong>\u00a0Naval.<\/strong>\u00a0<\/span><span data-contrast=\"auto\">Pediatria<\/span><span data-ccp-props=\"{&quot;201341983&quot;:0,&quot;335551550&quot;:6,&quot;335551620&quot;:6,&quot;335559739&quot;:200,&quot;335559740&quot;:360}\">\u00a0<\/span><\/p>\n<p style=\"text-align: justify;\"><strong>Bel\u00e9n Malla\u00a0Clua<\/strong><span data-contrast=\"auto\"><strong>.<\/strong>\u00a0<\/span><span data-contrast=\"auto\">Infermeria<\/span><span data-ccp-props=\"{&quot;201341983&quot;:0,&quot;335551550&quot;:6,&quot;335551620&quot;:6,&quot;335559739&quot;:200,&quot;335559740&quot;:360}\">\u00a0<\/span><\/p>\n<p style=\"text-align: justify;\"><span data-contrast=\"auto\">CAP\u00a0<\/span><span data-contrast=\"auto\">Bordeta-Magraners<\/span><span data-contrast=\"auto\">\u00a0de Lleida. ICS<\/span><span data-ccp-props=\"{&quot;201341983&quot;:0,&quot;335551550&quot;:6,&quot;335551620&quot;:6,&quot;335559739&quot;:200,&quot;335559740&quot;:360}\">\u00a0<\/span><\/p>\n<p style=\"text-align: justify;\">\n<p style=\"text-align: justify;\"><span data-contrast=\"auto\">Al<\/span><span data-contrast=\"auto\">\u00a0CAP\u00a0<\/span><span data-contrast=\"auto\">Bordeta-Magraners<\/span><span data-contrast=\"auto\">\u00a0<\/span><span data-contrast=\"auto\">de Lleida\u00a0<\/span><span data-contrast=\"auto\">s\u2019ha incorporat<\/span><span data-contrast=\"auto\">\u00a0<\/span><span data-contrast=\"auto\">la<\/span><span data-contrast=\"auto\">\u00a0<\/span><span data-contrast=\"auto\">Ter\u00e0pia Assistida amb Animals (<\/span><span data-contrast=\"auto\">TAA)\u00a0<\/span><span data-contrast=\"auto\">com a intervenci\u00f3 comunit\u00e0ria\u00a0<\/span><span data-contrast=\"auto\">des de<\/span><span data-contrast=\"auto\">\u00a0l\u2019any 2008, essent el primer centre p\u00fablic d\u2019Espanya en impulsar l\u2019aplicaci\u00f3 d\u2019aquesta nova eina per millorar la qualitat de vida de les persones que at\u00e9n.<\/span><span data-ccp-props=\"{&quot;201341983&quot;:0,&quot;335551550&quot;:6,&quot;335551620&quot;:6,&quot;335559739&quot;:200,&quot;335559740&quot;:360}\">\u00a0<\/span><\/p>\n<p style=\"text-align: justify;\"><span data-contrast=\"auto\">Emmalaltir fa que les persones se sentin m\u00e9s vulnerables i fr\u00e0gils, suposa un trencament de las rutines que genera ansietat i estr\u00e8s. Essent aquests efectes m\u00e9s intensos en els nens\/es que, a m\u00e9s, tamb\u00e9 afecten als seus pares. Humanitzar\u00a0<\/span><span data-contrast=\"auto\">la sanitat\u00a0<\/span><span data-contrast=\"auto\">significa personalitzar l\u2019assist\u00e8ncia i atendre a les persones des de la seva concepci\u00f3\u00a0<\/span><span data-contrast=\"auto\">hol\u00edstica<\/span><span data-contrast=\"auto\">, tenint en compte les seves emocions i sentiments.\u00a0<\/span><span data-contrast=\"auto\">Per aquest motiu cada vegada hi ha m\u00e9s hospitals dins la Sanitat P\u00fablica que incorporen projectes de TAA.<\/span><span data-ccp-props=\"{&quot;201341983&quot;:0,&quot;335551550&quot;:6,&quot;335551620&quot;:6,&quot;335559739&quot;:200,&quot;335559740&quot;:360}\">\u00a0<\/span><\/p>\n<p style=\"text-align: justify;\"><span data-contrast=\"auto\">La International\u00a0<\/span><span data-contrast=\"auto\">Association<\/span><span data-contrast=\"auto\">\u00a0of\u00a0<\/span><span data-contrast=\"auto\">Human-A<\/span><span data-contrast=\"auto\">nimal<\/span><span data-contrast=\"auto\">\u00a0<\/span><span data-contrast=\"auto\">Organizations<\/span><span data-contrast=\"auto\">\u00a0(IAHAIO) (1<\/span><span data-contrast=\"auto\">) defineix les intervencions assistides amb animals (IAA) com a intervencions estructurades i orientades a uns objectius que incorporen intencionadament animals en l\u2019\u00e0mbit social, de la salut i l\u2019educaci\u00f3 per assolir beneficis terap\u00e8utics,\u00a0<\/span><span data-contrast=\"auto\">educacionals<\/span><span data-contrast=\"auto\">\u00a0i de millora de la salut i el benestar.\u00a0<\/span><span data-ccp-props=\"{&quot;201341983&quot;:0,&quot;335551550&quot;:6,&quot;335551620&quot;:6,&quot;335559739&quot;:200,&quot;335559740&quot;:360}\">\u00a0<\/span><\/p>\n<p style=\"text-align: justify;\"><span data-contrast=\"auto\">Un tipus de IAA \u00e9s l<\/span><span data-contrast=\"auto\">a TAA, que la mateixa IAHAIO (1<\/span><span data-contrast=\"auto\">) defineix com una intervenci\u00f3 terap\u00e8utica planificada, estructurada i documentada, orientada a uns objectius i dirigida per professionals de la salut, com a part de la seva professi\u00f3. Una \u00e0mplia varietat de disciplines pot incorporar-la com: la medicina,\u00a0<\/span><span data-contrast=\"auto\">infermeria,<\/span><span data-contrast=\"auto\">\u00a0ter<\/span><span data-contrast=\"auto\">\u00e0pia ocupacional, fisioter\u00e0pia<\/span><span data-contrast=\"auto\">, logop\u00e8dia o professionals de la salut mental. No es tracta de ter\u00e0pies alternatives; s\u00f3n programes complementaris on l\u2019animal resulta un element\u00a0<\/span><span data-contrast=\"auto\">motivador<\/span><span data-contrast=\"auto\">\u00a0i facilitador de la ter\u00e0pia.<\/span><span data-ccp-props=\"{&quot;201341983&quot;:0,&quot;335551550&quot;:6,&quot;335551620&quot;:6,&quot;335559739&quot;:200,&quot;335559740&quot;:360}\">\u00a0<\/span><\/p>\n<p style=\"text-align: justify;\"><span data-contrast=\"auto\">Els animals tenen un paper reconegut en la promoci\u00f3 del benestar i la salut del ser hum\u00e0, a m\u00e9s a m\u00e9s, en els darrers anys el seu paper terap\u00e8utic en medicina s\u2019ha convertit en el centre d\u2019investigacions especialit<\/span><span data-contrast=\"auto\">zades (2<\/span><span data-contrast=\"auto\">). En aquest sentit, cada cop existeixen m\u00e9s estudis que aporten probes cient\u00edfiques de la utilitat de l<\/span><span data-contrast=\"auto\">a<\/span><span data-contrast=\"auto\">\u00a0<\/span><span data-contrast=\"auto\">TAA<\/span><span data-contrast=\"auto\">\u00a0com a m\u00e8tode complementari a altres ter\u00e0pies ja existents.<\/span><span data-ccp-props=\"{&quot;201341983&quot;:0,&quot;335551550&quot;:6,&quot;335551620&quot;:6,&quot;335559739&quot;:200,&quot;335559740&quot;:360}\">\u00a0<\/span><\/p>\n<p style=\"text-align: justify;\"><span data-contrast=\"auto\">L<\/span><span data-contrast=\"auto\">es IAA es base<\/span><span data-contrast=\"auto\">n<\/span><span data-contrast=\"auto\">\u00a0en l<\/span><span data-contrast=\"auto\">a relaci\u00f3\u00a0<\/span><span data-contrast=\"auto\">hum\u00e0-animal<\/span><span data-contrast=\"auto\">\u00a0<\/span><span data-contrast=\"auto\">i en el vincle que\u00a0<\/span><span data-contrast=\"auto\">es<\/span><span data-contrast=\"auto\">\u00a0genera.\u00a0<\/span><span data-contrast=\"auto\">\u00a0<\/span><span data-contrast=\"auto\">Inicialment els estudis van demostrar que la\u00a0<\/span><span data-contrast=\"auto\">tensi\u00f3 arterial<\/span><span data-contrast=\"auto\">\u00a0i\u00a0<\/span><span data-contrast=\"auto\">la freq\u00fc\u00e8ncia card\u00edaca<\/span><span data-contrast=\"auto\">\u00a0disminueixen despr\u00e8s d\u2019estar en contacte amb un<\/span><span data-contrast=\"auto\">\u00a0animal (<\/span><span data-contrast=\"auto\">3<\/span><span data-contrast=\"auto\">,4<\/span><span data-contrast=\"auto\">).\u00a0<\/span><span data-contrast=\"auto\">Actualment se sap que l<\/span><span data-contrast=\"auto\">a interacci\u00f3\u00a0<\/span><span data-contrast=\"auto\">hum\u00e0-animal<\/span><span data-contrast=\"auto\">\u00a0t\u00e9 el potencial d\u2019augmentar els nivells d\u2019<\/span><span data-contrast=\"auto\">o<\/span><span data-contrast=\"auto\">xitocina i disminuir el cortisol en sang<\/span><span data-contrast=\"auto\">\u00a0<\/span><span data-contrast=\"auto\">(\u00e9s a dir, un indicador d'estr\u00e8s redu\u00eft)\u00a0<\/span><span data-contrast=\"auto\">en les persones<\/span><span data-contrast=\"auto\">\u00a0(5<\/span><span data-contrast=\"auto\">)<\/span><span data-contrast=\"auto\">.\u00a0<\/span><span data-contrast=\"auto\">L'oxitocina \u00e9s una hormona\u00a0 que regula diverses funcions fisiol\u00f2giqu<\/span><span data-contrast=\"auto\">es, psicol\u00f2giques i\u00a0<\/span><span data-contrast=\"auto\">conductuals<\/span><span data-contrast=\"auto\">\u00a0(6)<\/span><span data-contrast=\"auto\">.<\/span><span data-ccp-props=\"{&quot;201341983&quot;:0,&quot;335551550&quot;:6,&quot;335551620&quot;:6,&quot;335559739&quot;:200,&quot;335559740&quot;:360}\">\u00a0<\/span><\/p>\n<p style=\"text-align: justify;\"><span data-contrast=\"auto\">El gos<\/span><span data-contrast=\"auto\">\u00a0de ter\u00e0pia<\/span><span data-contrast=\"auto\">\u00a0resulta:<\/span><span data-ccp-props=\"{&quot;201341983&quot;:0,&quot;335551550&quot;:6,&quot;335551620&quot;:6,&quot;335559739&quot;:200,&quot;335559740&quot;:360}\">\u00a0<\/span><\/p>\n<ul style=\"text-align: justify;\">\n<li data-leveltext=\"\u2022\" data-font=\"Times New Roman\" data-listid=\"3\" aria-setsize=\"-1\" data-aria-posinset=\"1\" data-aria-level=\"1\"><span data-contrast=\"auto\">Un centre d\u2019atenci\u00f3 i augmenta la persist\u00e8ncia al realitzar<\/span><span data-contrast=\"auto\">\u00a0les tasques (7<\/span><span data-contrast=\"auto\">)<\/span><span data-contrast=\"auto\">.<\/span><span data-ccp-props=\"{&quot;201341983&quot;:0,&quot;335551550&quot;:6,&quot;335551620&quot;:6,&quot;335559739&quot;:200,&quot;335559740&quot;:360}\">\u00a0<\/span><\/li>\n<li data-leveltext=\"\u2022\" data-font=\"Times New Roman\" data-listid=\"3\" aria-setsize=\"-1\" data-aria-posinset=\"2\" data-aria-level=\"1\"><span data-contrast=\"auto\">Estimula la comunicac<\/span><span data-contrast=\"auto\">i\u00f3 i les relacions socials (8<\/span><span data-contrast=\"auto\">)<\/span><span data-contrast=\"auto\">, actuant com un catalitzador social<\/span><b><span data-contrast=\"auto\">\u00a0<\/span><\/b><span data-contrast=\"auto\">(9) i augmentant el desig de participar en una activitat de grup.<\/span><span data-ccp-props=\"{&quot;201341983&quot;:0,&quot;335551550&quot;:6,&quot;335551620&quot;:6,&quot;335559739&quot;:200,&quot;335559740&quot;:360}\">\u00a0<\/span><\/li>\n<li data-leveltext=\"\u2022\" data-font=\"Times New Roman\" data-listid=\"3\" aria-setsize=\"-1\" data-aria-posinset=\"3\" data-aria-level=\"1\"><span data-contrast=\"auto\">Facilita la relaci\u00f3 pacient<\/span><span data-contrast=\"auto\">\u00a0<\/span><span data-contrast=\"auto\">-<\/span><span data-contrast=\"auto\">\u00a0professional (10<\/span><span data-contrast=\"auto\">)<\/span><span data-contrast=\"auto\">, generant un ambient de confian\u00e7a i recolzant el proc\u00e9s emocional que acompanya a la intervenci\u00f3.<\/span><span data-ccp-props=\"{&quot;201341983&quot;:0,&quot;335551550&quot;:6,&quot;335551620&quot;:6,&quot;335559739&quot;:200,&quot;335559740&quot;:360}\">\u00a0<\/span><\/li>\n<li data-leveltext=\"\u2022\" data-font=\"Times New Roman\" data-listid=\"3\" aria-setsize=\"-1\" data-aria-posinset=\"4\" data-aria-level=\"1\"><span data-contrast=\"auto\">Augmenta la motivaci\u00f3<\/span><span data-contrast=\"auto\">\u00a0dels pacients<\/span><span data-contrast=\"auto\">\u00a0<\/span><span data-contrast=\"auto\">i<\/span><span data-contrast=\"auto\">\u00a0l\u2019adher\u00e8ncia<\/span><span data-contrast=\"auto\">\u00a0a la ter\u00e0pia<\/span><span data-contrast=\"auto\">\u00a0<\/span><span data-contrast=\"auto\">(11<\/span><span data-contrast=\"auto\">)<\/span><span data-contrast=\"auto\">; assolint els objectius fixats pel professional de la salut de forma m\u00e9s r\u00e0pida.<\/span><span data-ccp-props=\"{&quot;201341983&quot;:0,&quot;335551550&quot;:6,&quot;335551620&quot;:6,&quot;335559739&quot;:200,&quot;335559740&quot;:360}\">\u00a0<\/span><\/li>\n<li data-leveltext=\"\u2022\" data-font=\"Times New Roman\" data-listid=\"3\" aria-setsize=\"-1\" data-aria-posinset=\"5\" data-aria-level=\"1\"><span data-contrast=\"auto\">S<\/span><span data-contrast=\"auto\">'ha demostrat que la implicaci\u00f3 d'un animal en la ter\u00e0pia pot facilitar l'establim<\/span><span data-contrast=\"auto\">ent de l'alian\u00e7a terap\u00e8utica (12<\/span><span data-contrast=\"auto\">).<\/span><span data-ccp-props=\"{&quot;201341983&quot;:0,&quot;335551550&quot;:6,&quot;335551620&quot;:6,&quot;335559739&quot;:200,&quot;335559740&quot;:360}\">\u00a0<\/span><\/li>\n<\/ul>\n<p style=\"text-align: justify;\"><span data-contrast=\"auto\">De fet,\u00a0<\/span><span data-contrast=\"auto\">l<\/span><span data-contrast=\"auto\">\u2019animal pot fer sentir al pacient m\u00e9s c\u00f2mode, cosa que el far\u00e0 estar m\u00e9s predisposat a apartar algunes barreres.<\/span><span data-contrast=\"auto\">\u00a0<\/span><span data-contrast=\"auto\">Aconsegueix generar un ambient terap\u00e8utic m\u00e9s dist\u00e9s i relaxat.<\/span><span data-contrast=\"auto\">\u00a0<\/span><span data-contrast=\"auto\">Els animals s\u00f3n excel\u00b7lents lubricants socials: la seva presencia trenca el gel i facilita la relaci\u00f3 social entre la gent.<\/span><span data-contrast=\"auto\">\u00a0Resulten un est\u00edmul\u00a0<\/span><span data-contrast=\"auto\">multisensorial<\/span><span data-contrast=\"auto\">\u00a0i \u00e9<\/span><span data-contrast=\"auto\">s confortable acariciar-los.<\/span><span data-contrast=\"auto\">\u00a0A\u00a0<\/span><span data-contrast=\"auto\">m\u00e9s, e<\/span><span data-contrast=\"auto\">ls animals viuen el moment immediat i la relaci\u00f3 amb ells ens fa veure el present.<\/span><span data-contrast=\"auto\">\u00a0I sobretot, els animals no critiquen, ens accepten tal\u00a0<\/span><span data-contrast=\"auto\">com som; demostren la mateixa alegria davant qualsevol persona sense tenir cap prejudici.<\/span><span data-ccp-props=\"{&quot;201341983&quot;:0,&quot;335551550&quot;:6,&quot;335551620&quot;:6,&quot;335559739&quot;:200,&quot;335559740&quot;:360}\">\u00a0<\/span><\/p>\n<p style=\"text-align: justify;\"><b><span data-contrast=\"auto\">Gossos de ter\u00e0pia:<\/span><\/b><span data-contrast=\"auto\">\u00a0seleccionats per tenir un car\u00e0cter i aptituds adequades i un ensinistrament que enriqueixi les sessions. Habituats als entorns terap\u00e8utics, ajudes t\u00e8cniques i a tot el que es trobaran durant les sessions. Es segueixen protocols de prevenci\u00f3 de zoonosis i de benestar animal.\u00a0<\/span><span data-ccp-props=\"{&quot;201341983&quot;:0,&quot;335551550&quot;:6,&quot;335551620&quot;:6,&quot;335559739&quot;:200,&quot;335559740&quot;:360}\">\u00a0<\/span><\/p>\n<p style=\"text-align: justify;\"><span data-contrast=\"auto\">Els\u00a0<\/span><b><span data-contrast=\"auto\">professionals que participen en una sessi\u00f3 de TAA<\/span><\/b><span data-contrast=\"auto\">\u00a0s\u00f3n:<\/span><span data-ccp-props=\"{&quot;201341983&quot;:0,&quot;335551550&quot;:6,&quot;335551620&quot;:6,&quot;335559739&quot;:200,&quot;335559740&quot;:360}\">\u00a0<\/span><\/p>\n<ul style=\"text-align: justify;\">\n<li data-leveltext=\"\uf0b7\" data-font=\"Symbol\" data-listid=\"4\" aria-setsize=\"-1\" data-aria-posinset=\"1\" data-aria-level=\"1\"><span data-contrast=\"auto\">Professional de la salut<\/span><span data-contrast=\"auto\">:<\/span><span data-contrast=\"auto\">\u00a0Es qui dirigeix la sessi\u00f3. Decideix els objectius a tractar i como avaluar-los.\u00a0 Es qui avalua els resultats.\u00a0 Responsable en tot moment del pacient<\/span><span data-contrast=\"auto\">.<\/span><span data-ccp-props=\"{&quot;134233279&quot;:true,&quot;201341983&quot;:0,&quot;335551550&quot;:6,&quot;335551620&quot;:6,&quot;335559739&quot;:200,&quot;335559740&quot;:360}\">\u00a0<\/span><\/li>\n<li data-leveltext=\"\uf0b7\" data-font=\"Symbol\" data-listid=\"4\" aria-setsize=\"-1\" data-aria-posinset=\"2\" data-aria-level=\"1\"><span data-contrast=\"auto\">T<\/span><span data-contrast=\"auto\">\u00e8cnic<\/span><span data-contrast=\"auto\">\u00a0<\/span><span data-contrast=\"auto\">en<\/span><span data-contrast=\"auto\">\u00a0IAA<\/span><span data-contrast=\"auto\">:\u00a0<\/span><span data-contrast=\"auto\">Professional format en l\u2019entrenament i maneig d\u2019animals.\u00a0 Que interv\u00e9 en programes de IAA conjuntament amb l\u2019animal, formant un binomi entre els dos.\u00a0<\/span><span data-contrast=\"auto\">Responsable en tot moment\u00a0 de l\u2019animal, del seu benestar i de controlar la interacci\u00f3\u00a0<\/span><span data-contrast=\"auto\">pacient-animal<\/span><span data-contrast=\"auto\">\u00a0per a qu\u00e8 aquesta resulti beneficiosa.<\/span><span data-ccp-props=\"{&quot;134233279&quot;:true,&quot;201341983&quot;:0,&quot;335551550&quot;:6,&quot;335551620&quot;:6,&quot;335559739&quot;:200,&quot;335559740&quot;:360}\">\u00a0<\/span><\/li>\n<\/ul>\n<p style=\"text-align: justify;\"><b><span data-contrast=\"auto\">Els \u00e0<\/span><\/b><b><span data-contrast=\"auto\">mbits\u00a0<\/span><\/b><b><span data-contrast=\"auto\">d\u2019<\/span><\/b><b><span data-contrast=\"auto\">actuaci<\/span><\/b><b><span data-contrast=\"auto\">\u00f3<\/span><\/b><span data-contrast=\"auto\">\u00a0s\u00f3n m\u00faltiples; de fet, qualsevol persona \u00e9s potencialment destinat\u00e0ria si necessita del recolzament d\u2019un professional, i requereix d\u2019una intervenci\u00f3 enfocada al suport emocional i motivacional.\u00a0<\/span><span data-ccp-props=\"{&quot;201341983&quot;:0,&quot;335551550&quot;:6,&quot;335551620&quot;:6,&quot;335559739&quot;:200,&quot;335559740&quot;:360}\">\u00a0<\/span><\/p>\n<p style=\"text-align: justify;\"><span data-contrast=\"auto\">\u27a2<\/span><span data-contrast=\"auto\">\u00a0La motivaci\u00f3 convertir\u00e0 a aquestes persones en destinat\u00e0ries, no la seva condici\u00f3.<\/span><span data-ccp-props=\"{&quot;201341983&quot;:0,&quot;335551550&quot;:6,&quot;335551620&quot;:6,&quot;335559739&quot;:200,&quot;335559740&quot;:360}\">\u00a0<\/span><\/p>\n<p style=\"text-align: justify;\"><span data-contrast=\"auto\">Per tant, l<\/span><span data-contrast=\"auto\">es IAA difereixen de l\u2019\u00fas d\u2019animals com a distracci\u00f3.\u00a0\u00a0<\/span><span data-contrast=\"auto\">E<\/span><span data-contrast=\"auto\">s tracten de programes interdisciplinaris en el que s\u2019utilitzen animals com a complement a altres tractaments. El gos<\/span><span data-contrast=\"auto\">\u00a0de ter\u00e0pia<\/span><span data-contrast=\"auto\">\u00a0resulta un element\u00a0<\/span><span data-contrast=\"auto\">motivador<\/span><span data-contrast=\"auto\">\u00a0gr\u00e0cies al vincle emocional que es crea entre\u00a0<\/span><span data-contrast=\"auto\">el pacient i\u00a0<\/span><span data-contrast=\"auto\">l\u2019animal<\/span><span data-contrast=\"auto\">.<\/span><span data-ccp-props=\"{&quot;201341983&quot;:0,&quot;335551550&quot;:6,&quot;335551620&quot;:6,&quot;335559739&quot;:200,&quot;335559740&quot;:360}\">\u00a0<\/span><\/p>\n<p style=\"text-align: justify;\"><span data-ccp-props=\"{&quot;201341983&quot;:0,&quot;335551550&quot;:6,&quot;335551620&quot;:6,&quot;335559739&quot;:200,&quot;335559740&quot;:360}\">\u00a0<\/span><\/p>\n<p style=\"text-align: justify;\"><span data-contrast=\"auto\">Actualment al CAP\u00a0<\/span><span data-contrast=\"auto\">Bordeta-Magraners<\/span><span data-contrast=\"auto\">\u00a0s\u2019est\u00e0 duent a terme\u00a0<\/span><span data-contrast=\"auto\">tres<\/span><span data-contrast=\"auto\">\u00a0projectes de TAA:<\/span><span data-ccp-props=\"{&quot;201341983&quot;:0,&quot;335551550&quot;:6,&quot;335551620&quot;:6,&quot;335559739&quot;:200,&quot;335559740&quot;:360}\">\u00a0<\/span><\/p>\n<p style=\"text-align: justify;\"><b><span data-contrast=\"auto\">Projecte\u00a0<\/span><\/b><b><span data-contrast=\"auto\">ExtraCan<\/span><\/b><span data-ccp-props=\"{&quot;201341983&quot;:0,&quot;335551550&quot;:6,&quot;335551620&quot;:6,&quot;335559739&quot;:200,&quot;335559740&quot;:360}\">\u00a0<\/span><\/p>\n<p style=\"text-align: justify;\"><span data-contrast=\"auto\">Tant les extraccions de sang com les dentals s\u00f3n<\/span><span data-contrast=\"auto\">\u00a0una experi\u00e8ncia molt angoixant per a\u00a0<\/span><span data-contrast=\"auto\">la majoria<\/span><span data-contrast=\"auto\">\u00a0de<\/span><span data-contrast=\"auto\">ls<\/span><span data-contrast=\"auto\">\u00a0nens\/es. La por i l\u2019ansietat generen comportaments defensius i\u00a0<\/span><span data-contrast=\"auto\">d\u2019escapada<\/span><span data-contrast=\"auto\">\u00a0que dificulten la t\u00e8cnica<\/span><span data-contrast=\"auto\">.\u00a0<\/span><span data-contrast=\"auto\">Es\u00a0<\/span><span data-contrast=\"auto\">realitza una intervenci\u00f3 basada en el suport emocional mitjan\u00e7ant\u00a0<\/span><span data-contrast=\"auto\">la pres\u00e8ncia d\u2019un<\/span><span data-contrast=\"auto\">\u00a0gos de ter\u00e0pia com a element de distracci\u00f3<\/span><span data-contrast=\"auto\">\u00a0per a disminuir l<\/span><span data-contrast=\"auto\">a por i l\u2019ansietat dels nens\/es,<\/span><span data-contrast=\"auto\">\u00a0<\/span><span data-contrast=\"auto\">aix\u00ed com\u00a0<\/span><span data-contrast=\"auto\">de<\/span><span data-contrast=\"auto\">ls seus pares<\/span><span data-contrast=\"auto\">, creant<\/span><span data-contrast=\"auto\">\u00a0un ambient m\u00e9s relaxat (13<\/span><span data-contrast=\"auto\">).<\/span><span data-contrast=\"auto\">\u00a0El gos els acompanya abans, durant i despr\u00e9s de l\u2019extracci\u00f3.<\/span><span data-ccp-props=\"{&quot;201341983&quot;:0,&quot;335551550&quot;:6,&quot;335551620&quot;:6,&quot;335559739&quot;:200,&quot;335559740&quot;:360}\">\u00a0<\/span><\/p>\n<p style=\"text-align: justify;\"><b><span data-contrast=\"auto\">Projecte\u00a0<\/span><\/b><b><span data-contrast=\"auto\">psico<\/span><\/b><b><span data-contrast=\"auto\">-<\/span><\/b><b><span data-contrast=\"auto\">educatiu<\/span><\/b><b><span data-contrast=\"auto\">\u00a0dirigit a nens\/es diagnosticats\u00a0 de\u00a0<\/span><\/b><b><span data-contrast=\"auto\">TDAH<\/span><\/b><span data-ccp-props=\"{&quot;201341983&quot;:0,&quot;335551550&quot;:6,&quot;335551620&quot;:6,&quot;335559739&quot;:200,&quot;335559740&quot;:360}\">\u00a0<\/span><\/p>\n<p style=\"text-align: justify;\"><span data-contrast=\"auto\">El TDAH en nens s\u2019associa a dificultats significatives en les seves interaccions i relacions socials; el tractament farmacol\u00f2gic pot millorar els s\u00edmptomes del TDAH per\u00f2 rara vegada resoldr\u00e0 les dificultats amb\u00a0<\/span><span data-contrast=\"auto\">les interaccions socials (14<\/span><span data-contrast=\"auto\">)<\/span><span data-contrast=\"auto\">.<\/span><span data-contrast=\"auto\">\u00a0<\/span><span data-contrast=\"auto\">La TAA<\/span><span data-contrast=\"auto\">\u00a0po<\/span><span data-contrast=\"auto\">t<\/span><span data-contrast=\"auto\">\u00a0contribuir a afro<\/span><span data-contrast=\"auto\">ntar aquestes dificultats (8,9<\/span><span data-contrast=\"auto\">)<\/span><span data-contrast=\"auto\">; ja que e<\/span><span data-contrast=\"auto\">ls gossos<\/span><span data-contrast=\"auto\">\u00a0<\/span><span data-contrast=\"auto\">faciliten l'aprenentatge social, que millora el desenvolupament\u00a0<\/span><span data-contrast=\"auto\">socioemociona<\/span><span data-contrast=\"auto\">l<\/span><span data-contrast=\"auto\">\u00a0i les\u00a0<\/span><span data-contrast=\"auto\">dificu<\/span><span data-contrast=\"auto\">ltats per a l'autoregulaci\u00f3\u00a0 (7<\/span><span data-contrast=\"auto\">).<\/span><span data-ccp-props=\"{&quot;201341983&quot;:0,&quot;335551550&quot;:6,&quot;335551620&quot;:6,&quot;335559739&quot;:200,&quot;335559740&quot;:360}\">\u00a0<\/span><\/p>\n<p style=\"text-align: justify;\"><span data-contrast=\"auto\">Es tracta d\u2019una intervenci\u00f3\u00a0<\/span><span data-contrast=\"auto\">grupal<\/span><span data-contrast=\"auto\">\u00a0<\/span><span data-contrast=\"auto\">psico<\/span><span data-contrast=\"auto\">-<\/span><span data-contrast=\"auto\">educativa<\/span><span data-contrast=\"auto\">\u00a0que es realitza de forma conjunta amb els professionals del<\/span><span data-contrast=\"auto\">\u00a0Centre de Salut Mental Infantil i\u00a0<\/span><span data-contrast=\"auto\">Juvenil de<\/span><span data-contrast=\"auto\">\u00a0l\u2019Hospital<\/span><span data-contrast=\"auto\">\u00a0Sant Joan de D\u00e9u<\/span><span data-contrast=\"auto\">\u00a0de les Terres de Lleida<\/span><span data-contrast=\"auto\">.<\/span><span data-ccp-props=\"{&quot;201341983&quot;:0,&quot;335551550&quot;:6,&quot;335551620&quot;:6,&quot;335559739&quot;:200,&quot;335559740&quot;:360}\">\u00a0<\/span><\/p>\n<p style=\"text-align: justify;\"><b><span data-contrast=\"auto\">Projecte\u00a0<\/span><\/b><b><span data-contrast=\"auto\">Ma-Poteta-Ma<\/span><\/b><b><span data-contrast=\"auto\">: compartir per millorar<\/span><\/b><span data-ccp-props=\"{&quot;201341983&quot;:0,&quot;335551550&quot;:6,&quot;335551620&quot;:6,&quot;335559739&quot;:200,&quot;335559740&quot;:360}\">\u00a0<\/span><\/p>\n<p style=\"text-align: justify;\"><span data-contrast=\"auto\">El deteriorament cognitiu genera discapacitat, afectant\u00a0 a\u00a0<\/span><span data-contrast=\"auto\">l\u2019<\/span><span data-contrast=\"auto\">estat funcional, l<\/span><span data-contrast=\"auto\">\u2019<\/span><span data-contrast=\"auto\">autonomia i le<\/span><span data-contrast=\"auto\">s<\/span><span data-contrast=\"auto\">\u00a0necessitats d\u2019assist\u00e8ncia.\u00a0<\/span><span data-contrast=\"auto\">L<\/span><span data-contrast=\"auto\">es dem\u00e8ncies s\u00f3n un\u202f<\/span><a href=\"http:\/\/www.gencat.cat\/salut\/depsalut\/pdf\/pd_socisanitari271006.pdf\"><span data-contrast=\"auto\">problema de salut prioritari<\/span><\/a><span data-contrast=\"auto\">; pel seu<\/span><span data-contrast=\"auto\">\u00a0gran impacte familiar, social i econ\u00f2mic<\/span><span data-contrast=\"auto\">\u00a0<\/span><span data-contrast=\"auto\">(15<\/span><span data-contrast=\"auto\">).<\/span><span data-contrast=\"auto\">\u00a0<\/span><span data-contrast=\"auto\">Una de les l\u00ednies d\u2019actuaci\u00f3 important en dem\u00e8ncia i sobretot en el deteriorament cognitiu lleu i moderat \u00e9s l\u2019estimulaci\u00f3 cognitiva.\u00a0<\/span><span data-contrast=\"auto\">E<\/span><span data-contrast=\"auto\">n aquest sentit\u00a0<\/span><span data-contrast=\"auto\">s\u2019est\u00e0 realitzant una intervenci\u00f3\u00a0<\/span><span data-contrast=\"auto\">grupal<\/span><span data-contrast=\"auto\">\u00a0basada en l\u2019estimulaci\u00f3 cognitiva assistida amb gossos<\/span><span data-contrast=\"auto\">, dirigida a pacients amb<\/span><span data-contrast=\"auto\">\u00a0<\/span><span data-contrast=\"auto\">deteriorament cognitiu lleu<\/span><span data-contrast=\"auto\">\u00a0i\u00a0<\/span><span data-contrast=\"auto\">moderat i\u00a0<\/span><span data-contrast=\"auto\">de forma coordinada amb la Unitat de Trastorns Cognitius de l\u2019Hospital Universitari de Santa Maria.<\/span><span data-ccp-props=\"{&quot;134233117&quot;:true,&quot;134233118&quot;:true,&quot;201341983&quot;:0,&quot;335551550&quot;:6,&quot;335551620&quot;:6,&quot;335559740&quot;:360}\">\u00a0<\/span><\/p>\n<p style=\"text-align: justify;\"><span data-contrast=\"auto\">A<\/span><span data-contrast=\"auto\">quest<\/span><span data-contrast=\"auto\">\u00a0dos<\/span><span data-contrast=\"auto\">\u00a0projecte<\/span><span data-contrast=\"auto\">s<\/span><span data-contrast=\"auto\">\u00a0afavoreix<\/span><span data-contrast=\"auto\">en<\/span><span data-contrast=\"auto\">\u00a0la coordinaci\u00f3 entre diferents nivells assistencials i el treball interdisciplinari per tal de donar millor atenci\u00f3 al<\/span><span data-contrast=\"auto\">s<\/span><span data-contrast=\"auto\">\u00a0pacients<\/span><span data-contrast=\"auto\">.\u00a0<\/span><span data-ccp-props=\"{&quot;201341983&quot;:0,&quot;335551550&quot;:6,&quot;335551620&quot;:6,&quot;335559739&quot;:200,&quot;335559740&quot;:360}\">\u00a0<\/span><\/p>\n<p style=\"text-align: justify;\"><span data-ccp-props=\"{&quot;201341983&quot;:0,&quot;335551550&quot;:6,&quot;335551620&quot;:6,&quot;335559739&quot;:200,&quot;335559740&quot;:360}\">\u00a0<\/span><\/p>\n<p style=\"text-align: justify;\"><span data-contrast=\"auto\">Altres projectes realitzats al CAP i ja finalitzats han tingut com a objectius:<\/span><span data-ccp-props=\"{&quot;201341983&quot;:0,&quot;335551550&quot;:6,&quot;335551620&quot;:6,&quot;335559739&quot;:200,&quot;335559740&quot;:360}\">\u00a0<\/span><\/p>\n<ol style=\"text-align: justify;\">\n<li data-leveltext=\"%1.\" data-font=\"Times New Roman\" data-listid=\"5\" aria-setsize=\"-1\" data-aria-posinset=\"1\" data-aria-level=\"1\"><span data-contrast=\"auto\">\u00a0<\/span><span data-contrast=\"auto\">L<\/span><span data-contrast=\"auto\">a rehabilitaci\u00f3 de la marxa i equilibri per a disminuir el risc de caigudes en la gent gran<\/span><span data-contrast=\"auto\">.<\/span><span data-ccp-props=\"{&quot;134233279&quot;:true,&quot;201341983&quot;:0,&quot;335551550&quot;:6,&quot;335551620&quot;:6,&quot;335559739&quot;:200,&quot;335559740&quot;:360}\">\u00a0<\/span><\/li>\n<\/ol>\n<ol style=\"text-align: justify;\">\n<li data-leveltext=\"%1.\" data-font=\"Times New Roman\" data-listid=\"5\" aria-setsize=\"-1\" data-aria-posinset=\"2\" data-aria-level=\"1\"><span data-contrast=\"auto\">M<\/span><span data-contrast=\"auto\">illorar l\u2019estat emocional de nens\/es amb diversitat funcional (<\/span><span data-contrast=\"auto\">16<\/span><span data-contrast=\"auto\">)<\/span><span data-contrast=\"auto\">.<\/span><span data-ccp-props=\"{&quot;134233279&quot;:true,&quot;201341983&quot;:0,&quot;335551550&quot;:6,&quot;335551620&quot;:6,&quot;335559739&quot;:200,&quot;335559740&quot;:360}\">\u00a0<\/span><\/li>\n<\/ol>\n<ol style=\"text-align: justify;\">\n<li data-leveltext=\"%1.\" data-font=\"Times New Roman\" data-listid=\"5\" aria-setsize=\"-1\" data-aria-posinset=\"3\" data-aria-level=\"1\"><span data-contrast=\"auto\">L\u2019<\/span><span data-contrast=\"auto\">educaci\u00f3 per la salut per a promoure l\u2019exercici f\u00edsic en gent gran per tal de millorar el dolor\u00a0<\/span><span data-contrast=\"auto\">osteoarticular<\/span><span data-contrast=\"auto\">\u00a0cr\u00f2nic (<\/span><span data-contrast=\"auto\">11<\/span><span data-contrast=\"auto\">).\u00a0<\/span><span data-ccp-props=\"{&quot;134233279&quot;:true,&quot;201341983&quot;:0,&quot;335551550&quot;:6,&quot;335551620&quot;:6,&quot;335559739&quot;:200,&quot;335559740&quot;:360}\">\u00a0<\/span><\/li>\n<\/ol>\n<p style=\"text-align: justify;\"><span data-ccp-props=\"{&quot;201341983&quot;:0,&quot;335551550&quot;:6,&quot;335551620&quot;:6,&quot;335559739&quot;:200,&quot;335559740&quot;:360}\">\u00a0<\/span><\/p>\n<p style=\"text-align: justify;\"><span data-contrast=\"auto\">Amb l\u2019ajuda dels gossos de ter\u00e0pia pretenem \u201cdibuixar somriures per a construir il\u00b7lusions\u201d.<\/span><span data-ccp-props=\"{&quot;201341983&quot;:0,&quot;335551550&quot;:6,&quot;335551620&quot;:6,&quot;335559739&quot;:200,&quot;335559740&quot;:360}\">\u00a0<\/span><\/p>\n<p style=\"text-align: justify;\"><span data-ccp-props=\"{&quot;201341983&quot;:0,&quot;335551550&quot;:6,&quot;335551620&quot;:6,&quot;335559739&quot;:200,&quot;335559740&quot;:276}\">\u00a0<\/span><\/p>\n<p style=\"text-align: justify;\"><span data-contrast=\"auto\">BIBLIOGRAFIA<\/span><span data-ccp-props=\"{&quot;201341983&quot;:0,&quot;335551550&quot;:6,&quot;335551620&quot;:6,&quot;335559739&quot;:200,&quot;335559740&quot;:276}\">\u00a0<\/span><\/p>\n<ol style=\"text-align: justify;\">\n<li><span data-contrast=\"auto\">1<\/span><span data-contrast=\"auto\">. IAHAIO.<\/span><span data-contrast=\"auto\">White paper 2014.<\/span><span data-contrast=\"auto\">The IAHAIO definitions for animal assisted intervention and guidelines for wellness of animals involved.\u00a0<\/span><span data-contrast=\"auto\">Interna<\/span><span data-contrast=\"auto\">tional Human-Animal Interaction\u00a0<\/span><span data-contrast=\"auto\">Org<\/span><span data-contrast=\"auto\">\u00a0<\/span><span data-contrast=\"auto\">Disponible<\/span><span data-contrast=\"auto\">\u00a0Online<\/span><span data-contrast=\"auto\">: http:\/\/iahaio.org\/new\/fileuploads\/9313IAHAIO%20WHITE%20PAPER%20TASK%20FORCE%20-%20FINAL%20REPORT.pdf<\/span><span data-ccp-props=\"{&quot;201341983&quot;:0,&quot;335551550&quot;:6,&quot;335551620&quot;:6,&quot;335559739&quot;:200,&quot;335559740&quot;:360}\">\u00a0<\/span><\/li>\n<li><span data-contrast=\"auto\">2<\/span><span data-contrast=\"auto\">. Martos-Montes R, Ord\u00f3\u00f1ez-P\u00e9rez D, De la Fuente-Hidalgo I, Martos-Luque R, Garc\u00eda-Viedma MR. Intervenci\u00f3n asistida con animales (IAA): An\u00e1lisis de la situaci\u00f3n en Espa\u00f1a.<\/span><span data-contrast=\"auto\">Escritos<\/span><span data-contrast=\"auto\">de\u00a0<\/span><span data-contrast=\"auto\">Psicolog\u00eda<\/span><span data-contrast=\"auto\">. 2015<\/span><span data-contrast=\"auto\">;8<\/span><span data-contrast=\"auto\">(3):1-10.<\/span><span data-ccp-props=\"{&quot;201341983&quot;:0,&quot;335551550&quot;:6,&quot;335551620&quot;:6,&quot;335559739&quot;:200,&quot;335559740&quot;:360}\">\u00a0<\/span><\/li>\n<li><span data-contrast=\"auto\">3<\/span><span data-contrast=\"auto\">. Allen K,<\/span><span data-contrast=\"auto\">Shykoff<\/span><span data-contrast=\"auto\">B,\u00a0<\/span><span data-contrast=\"auto\">Izzo<\/span><span data-contrast=\"auto\">\u00a0 Pet ownership, but not ACE inhibitor therapy, blunts home blood pressure responses to mental stress. Hypertension 2001; 38:815-820.\u00a0<\/span><span data-ccp-props=\"{&quot;201341983&quot;:0,&quot;335551550&quot;:6,&quot;335551620&quot;:6,&quot;335559739&quot;:200,&quot;335559740&quot;:360}\">\u00a0<\/span><\/li>\n<li><span data-contrast=\"auto\">4<\/span><span data-contrast=\"auto\">. Young JS. Pet therapy: dogs de-stress students.<\/span><span data-contrast=\"auto\">J Christ<\/span><span data-contrast=\"auto\">Nurs<\/span><span data-contrast=\"auto\">.<\/span><span data-contrast=\"auto\">\u00a02012 Oct-Dec<\/span><span data-contrast=\"auto\">;29<\/span><span data-contrast=\"auto\">(4):217-21.\u00a0<\/span><span data-ccp-props=\"{&quot;201341983&quot;:0,&quot;335551550&quot;:6,&quot;335551620&quot;:6,&quot;335559739&quot;:200,&quot;335559740&quot;:360}\">\u00a0<\/span><\/li>\n<li><span data-contrast=\"auto\">5<\/span><span data-contrast=\"auto\">. Handlin L.,<\/span><span data-contrast=\"auto\">Hydbring<\/span><span data-contrast=\"auto\">-Sandberg E., Nilsson A.,<\/span><span data-contrast=\"auto\">Ejdeb\u00e4ck<\/span><span data-contrast=\"auto\">\u00a0,\u00a0<\/span><span data-contrast=\"auto\">Jansson<\/span><span data-contrast=\"auto\">\u00a0A.,\u00a0<\/span><span data-contrast=\"auto\">Uvn\u00e4s-Moberg<\/span><span data-contrast=\"auto\">\u00a0K. Short-term interaction between dogs and their owners: effects of\u00a0<\/span><span data-contrast=\"auto\">oxytocin<\/span><span data-contrast=\"auto\">,\u00a0<\/span><span data-contrast=\"auto\">cortisol<\/span><span data-contrast=\"auto\">, insulin and heart rate.\u00a0<\/span><span data-contrast=\"auto\">An exploratory study.<\/span><span data-contrast=\"auto\">\u00a0<\/span><span data-contrast=\"auto\">Anthrozoos<\/span><span data-contrast=\"auto\">.<\/span><span data-contrast=\"auto\">\u00a02011; 24(3):301\u2013315.<\/span><span data-ccp-props=\"{&quot;201341983&quot;:0,&quot;335551550&quot;:6,&quot;335551620&quot;:6,&quot;335559739&quot;:200,&quot;335559740&quot;:360}\">\u00a0<\/span><\/li>\n<li><span data-contrast=\"auto\">6<\/span><span data-contrast=\"auto\">.<\/span><span data-contrast=\"auto\">Beetz<\/span><span data-contrast=\"auto\">,\u00a0<\/span><span data-contrast=\"auto\">Unv\u00e4s-Moberg<\/span><span data-contrast=\"auto\">\u00a0K., Julius H.,\u00a0<\/span><span data-contrast=\"auto\">Kotrschal<\/span><span data-contrast=\"auto\">\u00a0K. Psychosocial and\u00a0<\/span><span data-contrast=\"auto\">psychophysiological<\/span><span data-contrast=\"auto\">\u00a0effects of human-animal interactions: the possible role of\u00a0<\/span><span data-contrast=\"auto\">oxytocin<\/span><span data-contrast=\"auto\">.\u00a0<\/span><span data-contrast=\"auto\">Frontiers in Psychology.<\/span><span data-contrast=\"auto\">\u00a0<\/span><span data-contrast=\"auto\">2012; 3: 1\u201315.<\/span><span data-ccp-props=\"{&quot;201341983&quot;:0,&quot;335551550&quot;:6,&quot;335551620&quot;:6,&quot;335559739&quot;:200,&quot;335559740&quot;:360}\">\u00a0<\/span><\/li>\n<li><span data-contrast=\"auto\">7<\/span><span data-contrast=\"auto\">.<\/span><span data-contrast=\"auto\">Schuck<\/span><span data-contrast=\"auto\"> E. B.,\u00a0<\/span><span data-contrast=\"auto\">Emmerson<\/span><span data-contrast=\"auto\">\u00a0N., Fine A. H., Lakes, K. D. Canine-assisted therapy for children with ADHD: preliminary findings from the positive assertive cooperative kids study.\u00a0<\/span><span data-contrast=\"auto\">Journal of Attention Disorders.<\/span><span data-contrast=\"auto\">\u00a02015; 19(2): 125\u2013137.<\/span><span data-ccp-props=\"{&quot;201341983&quot;:0,&quot;335551550&quot;:6,&quot;335551620&quot;:6,&quot;335559739&quot;:200,&quot;335559740&quot;:360}\">\u00a0<\/span><\/li>\n<li><span data-contrast=\"auto\">O\u2019Haire<\/span><span data-contrast=\"auto\">, M. E. Animal-assisted intervention for autism spectrum disorder: a systematic literature review.<\/span><span data-contrast=\"auto\">Journal of Autism and Developmental Disorders.<\/span><span data-contrast=\"auto\">\u00a02013; 43(7): 1606\u20131622.<\/span><span data-ccp-props=\"{&quot;201341983&quot;:0,&quot;335551550&quot;:6,&quot;335551620&quot;:6,&quot;335559739&quot;:200,&quot;335559740&quot;:360}\">\u00a0<\/span><\/li>\n<li><span data-contrast=\"auto\">9<\/span><span data-contrast=\"auto\">. Esposito, L., McCune, S., Griffin, J. A.,<\/span><span data-contrast=\"auto\">Maholmes<\/span><span data-contrast=\"auto\">, V.<\/span><span data-contrast=\"auto\">Directions in human\u2013animal interaction research: child development, health, and therapeutic interventions.\u00a0<\/span><span data-contrast=\"auto\">Child Development Perspectives.<\/span><span data-contrast=\"auto\">\u00a02011; 5(3):205\u2013211.<\/span><span data-ccp-props=\"{&quot;201341983&quot;:0,&quot;335551550&quot;:6,&quot;335551620&quot;:6,&quot;335559739&quot;:200,&quot;335559740&quot;:360}\">\u00a0<\/span><\/li>\n<li><span data-contrast=\"auto\"> White, J.H.; Quinn, M.; Garland, S.;<\/span><span data-contrast=\"auto\">Dirkse<\/span><span data-contrast=\"auto\">, D.;<\/span><span data-contrast=\"auto\">Wiebe<\/span><span data-contrast=\"auto\">, P.; Hermann, M.; Carlson, L.E. Animal-assisted therapy and counseling support for women with breast cancer: An exploration of patient\u2019s perceptions.\u00a0<\/span><span data-contrast=\"auto\">Integr<\/span><span data-contrast=\"auto\">.\u00a0<\/span><span data-contrast=\"auto\">Cancer<\/span><span data-contrast=\"auto\">\u00a0<\/span><span data-contrast=\"auto\">Ther<\/span><span data-contrast=\"auto\">. 2015, 14, 460\u2013467.<\/span><span data-ccp-props=\"{&quot;201341983&quot;:0,&quot;335551550&quot;:6,&quot;335551620&quot;:6,&quot;335559739&quot;:200,&quot;335559740&quot;:360}\">\u00a0<\/span><\/li>\n<li><span data-contrast=\"auto\">Maylos<\/span><span data-contrast=\"auto\">Rodrigo-<\/span><span data-contrast=\"auto\">Claverol<\/span><span data-contrast=\"auto\">, Carles Casanova-Gonzalvo, Bel\u00e9n Malla-<\/span><span data-contrast=\"auto\">Clua<\/span><span data-contrast=\"auto\">, Esther Rodrigo-<\/span><span data-contrast=\"auto\">Claverol<\/span><span data-contrast=\"auto\">, J\u00falia\u00a0<\/span><span data-contrast=\"auto\">Jov\u00e9<\/span><span data-contrast=\"auto\">-Naval, Marta Ortega-Bravo.\u00a0<\/span><span data-contrast=\"auto\">Animal-Assisted Intervention Improves Pain Perception in\u00a0<\/span><span data-contrast=\"auto\">Polymedicated<\/span><span data-contrast=\"auto\">\u00a0Geriatric Patients with Chronic Joint Pain: A Clinical Trial.\u00a0<\/span><span data-contrast=\"auto\">Int<\/span><span data-contrast=\"auto\">. J.\u00a0<\/span><span data-contrast=\"auto\">Environ<\/span><span data-contrast=\"auto\">.\u00a0<\/span><span data-contrast=\"auto\">Res.\u00a0<\/span><span data-contrast=\"auto\">Public<\/span><span data-contrast=\"auto\">\u00a0<\/span><span data-contrast=\"auto\">Health<\/span><span data-contrast=\"auto\">. 2019; 16, 2843.<\/span><span data-ccp-props=\"{&quot;201341983&quot;:0,&quot;335551550&quot;:6,&quot;335551620&quot;:6,&quot;335559739&quot;:200,&quot;335559740&quot;:360}\">\u00a0<\/span><\/li>\n<li><span data-contrast=\"auto\">Fine, A. Nuestros Fieles Compa\u00f1eros. Explorando la Esencia de Nuestra Relaci\u00f3n con los Animales;<\/span><span data-contrast=\"auto\">Kns<\/span><span data-contrast=\"auto\">\u00a0ediciones; Espa\u00f1a, 2015; p. 166, ISBN 978-84-941852-9-8.<\/span><span data-ccp-props=\"{&quot;201341983&quot;:0,&quot;335551550&quot;:6,&quot;335551620&quot;:6,&quot;335559739&quot;:200,&quot;335559740&quot;:360}\">\u00a0<\/span><\/li>\n<li><span data-contrast=\"auto\"> Braun C.,<\/span><span data-contrast=\"auto\">Stangler<\/span><span data-contrast=\"auto\">T.,\u00a0<\/span><span data-contrast=\"auto\">Narveson<\/span><span data-contrast=\"auto\">\u00a0J.,\u00a0<\/span><span data-contrast=\"auto\">Pettingell<\/span><span data-contrast=\"auto\">\u00a0 S<\/span><span data-contrast=\"auto\">. Animal-assisted therapy as a pain relief intervention for children.\u00a0<\/span><span data-contrast=\"auto\">Complementary Therapies in Clinical Practice.<\/span><span data-contrast=\"auto\">\u00a0<\/span><span data-contrast=\"auto\">2009; 15: 105-109.<\/span><span data-ccp-props=\"{&quot;201341983&quot;:0,&quot;335551550&quot;:6,&quot;335551620&quot;:6,&quot;335559739&quot;:200,&quot;335559740&quot;:360}\">\u00a0<\/span><\/li>\n<li><span data-contrast=\"auto\">Storebo<\/span><span data-contrast=\"auto\">O. J.<\/span><span data-contrast=\"auto\">,\u202f<\/span><span data-contrast=\"auto\">Skoog<\/span><span data-contrast=\"auto\">\u00a0M.<\/span><span data-contrast=\"auto\">,\u202f<\/span><span data-contrast=\"auto\">Damm<\/span><span data-contrast=\"auto\">\u00a0D.<\/span><span data-contrast=\"auto\">,\u202f<\/span><span data-contrast=\"auto\">Thomson P. H.<\/span><span data-contrast=\"auto\">,\u202f<\/span><span data-contrast=\"auto\">Simonsen<\/span><span data-contrast=\"auto\">\u00a0E.<\/span><span data-contrast=\"auto\">,\u202f<\/span><span data-contrast=\"auto\">Gluud<\/span><span data-contrast=\"auto\">\u00a0C<\/span><span data-contrast=\"auto\">.\u202f<\/span><span data-contrast=\"auto\">Social skills training for attention deficit hyperactivity disorder in children aged 5 to 18 years<\/span><span data-contrast=\"auto\">.\u00a0<\/span><span data-contrast=\"auto\">Cochrane\u00a0<\/span><span data-contrast=\"auto\">Database<\/span><span data-contrast=\"auto\">\u00a0of\u00a0<\/span><span data-contrast=\"auto\">Systematic<\/span><span data-contrast=\"auto\">\u00a0<\/span><span data-contrast=\"auto\">Reviews<\/span><span data-contrast=\"auto\">.<\/span><span data-contrast=\"auto\">\u00a02011(12).<\/span><span data-ccp-props=\"{&quot;201341983&quot;:0,&quot;335551550&quot;:6,&quot;335551620&quot;:6,&quot;335559739&quot;:200,&quot;335559740&quot;:360}\">\u00a0<\/span><\/li>\n<li><span data-contrast=\"auto\">Pla Director<\/span><span data-contrast=\"auto\">Sociosanitari<\/span><span data-contrast=\"auto\">.\u00a0<\/span><span data-contrast=\"auto\">Departament<\/span><span data-contrast=\"auto\">\u00a0de\u00a0<\/span><span data-contrast=\"auto\">Salut<\/span><span data-contrast=\"auto\">. Generalitat de Catalunya. Barcelona,\u00a0<\/span><span data-contrast=\"auto\">Direcci\u00f3<\/span><span data-contrast=\"auto\">\u00a0General de\u00a0<\/span><span data-contrast=\"auto\">Planificaci\u00f3<\/span><span data-contrast=\"auto\">\u00a0i\u00a0<\/span><span data-contrast=\"auto\">Avaluaci\u00f3<\/span><span data-contrast=\"auto\">. 2006:88-101.<\/span><span data-ccp-props=\"{&quot;201341983&quot;:0,&quot;335551550&quot;:6,&quot;335551620&quot;:6,&quot;335559739&quot;:200,&quot;335559740&quot;:360}\">\u00a0<\/span><\/li>\n<li><span data-contrast=\"auto\">Maylos<\/span><span data-contrast=\"auto\">\u00a0Rodrigo-<\/span><span data-contrast=\"auto\">Claverol<\/span><span data-contrast=\"auto\">, Bel\u00e9n Malla-<\/span><span data-contrast=\"auto\">Clua<\/span><span data-contrast=\"auto\">, Esther Rodrigo-<\/span><span data-contrast=\"auto\">Claverol<\/span><span data-contrast=\"auto\">, J\u00falia\u00a0<\/span><span data-contrast=\"auto\">Jov\u00e9<\/span><span data-contrast=\"auto\">-Naval,\u00a0<\/span><span data-contrast=\"auto\">J\u00e8ssica<\/span><span data-contrast=\"auto\">\u00a0<\/span><span data-contrast=\"auto\">Bergad\u00e0<\/span><span data-contrast=\"auto\">-Bell-<\/span><span data-contrast=\"auto\">lloc<\/span><span data-contrast=\"auto\">, Josep\u00a0<\/span><span data-contrast=\"auto\">Ramon<\/span><span data-contrast=\"auto\">\u00a0<\/span><span data-contrast=\"auto\">Marsal<\/span><span data-contrast=\"auto\">-Mora.\u00a0<\/span><span data-contrast=\"auto\">Animal-assisted Therapy for the Emotional Well-being of Children with Intellectual Disabilities and Behavioral Disorders<\/span><span data-contrast=\"auto\">.<\/span><span data-contrast=\"auto\">\u00a0<\/span><span data-contrast=\"auto\">Sociology<\/span><span data-contrast=\"auto\">\u00a0and\u00a0<\/span><span data-contrast=\"auto\">Anthropology<\/span><span data-contrast=\"auto\">. 2018; 6(1): 94-106.<\/span><span data-ccp-props=\"{&quot;201341983&quot;:0,&quot;335551550&quot;:6,&quot;335551620&quot;:6,&quot;335559739&quot;:200,&quot;335559740&quot;:360}\">\u00a0<\/span><\/li>\n<\/ol>\n<p style=\"text-align: justify;\"><span data-ccp-props=\"{&quot;201341983&quot;:0,&quot;335551550&quot;:6,&quot;335551620&quot;:6,&quot;335559739&quot;:200,&quot;335559740&quot;:360}\">\u00a0<\/span><\/p>\n","protected":false},"excerpt":{"rendered":"<p>Dra.\u00a0Maylos\u00a0Rodrigo\u00a0Claverol. Medicina Familiar i\u00a0Comunit\u00e0ria. Experta\u00a0Universit\u00e0ria\u00a0en TAA\u00a0 Dra. J\u00falia\u00a0Jov\u00e9\u00a0Naval.\u00a0Pediatria\u00a0 Bel\u00e9n Malla\u00a0Clua.\u00a0Infermeria\u00a0 CAP\u00a0Bordeta-Magraners\u00a0de Lleida. ICS\u00a0 Al\u00a0CAP\u00a0Bordeta-Magraners\u00a0de Lleida\u00a0s\u2019ha incorporat\u00a0la\u00a0Ter\u00e0pia Assistida amb Animals (TAA)\u00a0com...<\/p>\n","protected":false},"author":1,"featured_media":1415,"comment_status":"closed","ping_status":"closed","sticky":false,"template":"","format":"standard","meta":{"_acf_changed":false,"inline_featured_image":false,"footnotes":""},"categories":[28],"tags":[],"class_list":["post-1414","post","type-post","status-publish","format-standard","has-post-thumbnail","hentry","category-opinion"],"acf":[],"yoast_head":"<!-- This site is optimized with the Yoast SEO plugin v27.5 - https:\/\/yoast.com\/product\/yoast-seo-wordpress\/ -->\n<title>Humanitzar l&#039;atenci\u00f3 al pacient mitjan\u00e7ant la ter\u00e0pia assistida amb animals - Col\u00b7legi Oficial de Metges de Lleida<\/title>\n<meta name=\"robots\" content=\"index, follow, max-snippet:-1, max-image-preview:large, max-video-preview:-1\" \/>\n<link rel=\"canonical\" href=\"https:\/\/www.comll.cat\/es\/humanitzar-latencio-al-pacient-mitjancant-la-terapia-assistida-amb-animals\/\" \/>\n<meta property=\"og:locale\" content=\"es_ES\" \/>\n<meta property=\"og:type\" content=\"article\" \/>\n<meta property=\"og:title\" content=\"Humanitzar l&#039;atenci\u00f3 al pacient mitjan\u00e7ant la ter\u00e0pia assistida amb animals - Col\u00b7legi Oficial de Metges de Lleida\" \/>\n<meta property=\"og:description\" content=\"Dra.\u00a0Maylos\u00a0Rodrigo\u00a0Claverol. Medicina Familiar i\u00a0Comunit\u00e0ria. Experta\u00a0Universit\u00e0ria\u00a0en TAA\u00a0 Dra. J\u00falia\u00a0Jov\u00e9\u00a0Naval.\u00a0Pediatria\u00a0 Bel\u00e9n Malla\u00a0Clua.\u00a0Infermeria\u00a0 CAP\u00a0Bordeta-Magraners\u00a0de Lleida. ICS\u00a0 Al\u00a0CAP\u00a0Bordeta-Magraners\u00a0de Lleida\u00a0s\u2019ha incorporat\u00a0la\u00a0Ter\u00e0pia Assistida amb Animals (TAA)\u00a0com...\" \/>\n<meta property=\"og:url\" content=\"https:\/\/www.comll.cat\/es\/humanitzar-latencio-al-pacient-mitjancant-la-terapia-assistida-amb-animals\/\" \/>\n<meta property=\"og:site_name\" content=\"Col\u00b7legi Oficial de Metges de Lleida\" \/>\n<meta property=\"article:published_time\" content=\"2020-07-31T09:00:24+00:00\" \/>\n<meta property=\"article:modified_time\" content=\"2022-03-29T17:35:34+00:00\" \/>\n<meta property=\"og:image\" content=\"https:\/\/www.comll.cat\/es\/wp-content\/uploads\/sites\/3\/terapia-animals.jpg\" \/>\n\t<meta property=\"og:image:width\" content=\"1984\" \/>\n\t<meta property=\"og:image:height\" content=\"1479\" \/>\n\t<meta property=\"og:image:type\" content=\"image\/jpeg\" \/>\n<meta name=\"author\" content=\"Albert\" \/>\n<meta name=\"twitter:card\" content=\"summary_large_image\" \/>\n<script type=\"application\/ld+json\" class=\"yoast-schema-graph\">{\"@context\":\"https:\\\/\\\/schema.org\",\"@graph\":[{\"@type\":\"Article\",\"@id\":\"https:\\\/\\\/www.comll.cat\\\/es\\\/humanitzar-latencio-al-pacient-mitjancant-la-terapia-assistida-amb-animals\\\/#article\",\"isPartOf\":{\"@id\":\"https:\\\/\\\/www.comll.cat\\\/es\\\/humanitzar-latencio-al-pacient-mitjancant-la-terapia-assistida-amb-animals\\\/\"},\"author\":{\"name\":\"Albert\",\"@id\":\"https:\\\/\\\/www.comll.cat\\\/es\\\/#\\\/schema\\\/person\\\/1c7bc4d83b35a927d680cfe0ec9120e0\"},\"headline\":\"Humanitzar l'atenci\u00f3 al pacient mitjan\u00e7ant la ter\u00e0pia assistida amb animals\",\"datePublished\":\"2020-07-31T09:00:24+00:00\",\"dateModified\":\"2022-03-29T17:35:34+00:00\",\"mainEntityOfPage\":{\"@id\":\"https:\\\/\\\/www.comll.cat\\\/es\\\/humanitzar-latencio-al-pacient-mitjancant-la-terapia-assistida-amb-animals\\\/\"},\"wordCount\":1879,\"image\":{\"@id\":\"https:\\\/\\\/www.comll.cat\\\/es\\\/humanitzar-latencio-al-pacient-mitjancant-la-terapia-assistida-amb-animals\\\/#primaryimage\"},\"thumbnailUrl\":\"https:\\\/\\\/www.comll.cat\\\/es\\\/wp-content\\\/uploads\\\/sites\\\/3\\\/terapia-animals.jpg\",\"articleSection\":[\"Opini\u00f3n\"],\"inLanguage\":\"es\"},{\"@type\":\"WebPage\",\"@id\":\"https:\\\/\\\/www.comll.cat\\\/es\\\/humanitzar-latencio-al-pacient-mitjancant-la-terapia-assistida-amb-animals\\\/\",\"url\":\"https:\\\/\\\/www.comll.cat\\\/es\\\/humanitzar-latencio-al-pacient-mitjancant-la-terapia-assistida-amb-animals\\\/\",\"name\":\"Humanitzar l'atenci\u00f3 al pacient mitjan\u00e7ant la ter\u00e0pia assistida amb animals - Col\u00b7legi Oficial de Metges de Lleida\",\"isPartOf\":{\"@id\":\"https:\\\/\\\/www.comll.cat\\\/es\\\/#website\"},\"primaryImageOfPage\":{\"@id\":\"https:\\\/\\\/www.comll.cat\\\/es\\\/humanitzar-latencio-al-pacient-mitjancant-la-terapia-assistida-amb-animals\\\/#primaryimage\"},\"image\":{\"@id\":\"https:\\\/\\\/www.comll.cat\\\/es\\\/humanitzar-latencio-al-pacient-mitjancant-la-terapia-assistida-amb-animals\\\/#primaryimage\"},\"thumbnailUrl\":\"https:\\\/\\\/www.comll.cat\\\/es\\\/wp-content\\\/uploads\\\/sites\\\/3\\\/terapia-animals.jpg\",\"datePublished\":\"2020-07-31T09:00:24+00:00\",\"dateModified\":\"2022-03-29T17:35:34+00:00\",\"author\":{\"@id\":\"https:\\\/\\\/www.comll.cat\\\/es\\\/#\\\/schema\\\/person\\\/1c7bc4d83b35a927d680cfe0ec9120e0\"},\"breadcrumb\":{\"@id\":\"https:\\\/\\\/www.comll.cat\\\/es\\\/humanitzar-latencio-al-pacient-mitjancant-la-terapia-assistida-amb-animals\\\/#breadcrumb\"},\"inLanguage\":\"es\",\"potentialAction\":[{\"@type\":\"ReadAction\",\"target\":[\"https:\\\/\\\/www.comll.cat\\\/es\\\/humanitzar-latencio-al-pacient-mitjancant-la-terapia-assistida-amb-animals\\\/\"]}]},{\"@type\":\"ImageObject\",\"inLanguage\":\"es\",\"@id\":\"https:\\\/\\\/www.comll.cat\\\/es\\\/humanitzar-latencio-al-pacient-mitjancant-la-terapia-assistida-amb-animals\\\/#primaryimage\",\"url\":\"https:\\\/\\\/www.comll.cat\\\/es\\\/wp-content\\\/uploads\\\/sites\\\/3\\\/terapia-animals.jpg\",\"contentUrl\":\"https:\\\/\\\/www.comll.cat\\\/es\\\/wp-content\\\/uploads\\\/sites\\\/3\\\/terapia-animals.jpg\",\"width\":1984,\"height\":1479},{\"@type\":\"BreadcrumbList\",\"@id\":\"https:\\\/\\\/www.comll.cat\\\/es\\\/humanitzar-latencio-al-pacient-mitjancant-la-terapia-assistida-amb-animals\\\/#breadcrumb\",\"itemListElement\":[{\"@type\":\"ListItem\",\"position\":1,\"name\":\"Portada\",\"item\":\"https:\\\/\\\/www.comll.cat\\\/es\\\/\"},{\"@type\":\"ListItem\",\"position\":2,\"name\":\"Humanitzar l'atenci\u00f3 al pacient mitjan\u00e7ant la ter\u00e0pia assistida amb animals\"}]},{\"@type\":\"WebSite\",\"@id\":\"https:\\\/\\\/www.comll.cat\\\/es\\\/#website\",\"url\":\"https:\\\/\\\/www.comll.cat\\\/es\\\/\",\"name\":\"Col\u00b7legi Oficial de Metges de Lleida\",\"description\":\"COMLL\",\"potentialAction\":[{\"@type\":\"SearchAction\",\"target\":{\"@type\":\"EntryPoint\",\"urlTemplate\":\"https:\\\/\\\/www.comll.cat\\\/es\\\/?s={search_term_string}\"},\"query-input\":{\"@type\":\"PropertyValueSpecification\",\"valueRequired\":true,\"valueName\":\"search_term_string\"}}],\"inLanguage\":\"es\"},{\"@type\":\"Person\",\"@id\":\"https:\\\/\\\/www.comll.cat\\\/es\\\/#\\\/schema\\\/person\\\/1c7bc4d83b35a927d680cfe0ec9120e0\",\"name\":\"Albert\",\"image\":{\"@type\":\"ImageObject\",\"inLanguage\":\"es\",\"@id\":\"https:\\\/\\\/secure.gravatar.com\\\/avatar\\\/c1261138a5e7882394bd9001104fe7078a2d860997555a5353af4ef7bd38f6db?s=96&d=mm&r=g\",\"url\":\"https:\\\/\\\/secure.gravatar.com\\\/avatar\\\/c1261138a5e7882394bd9001104fe7078a2d860997555a5353af4ef7bd38f6db?s=96&d=mm&r=g\",\"contentUrl\":\"https:\\\/\\\/secure.gravatar.com\\\/avatar\\\/c1261138a5e7882394bd9001104fe7078a2d860997555a5353af4ef7bd38f6db?s=96&d=mm&r=g\",\"caption\":\"Albert\"},\"sameAs\":[\"https:\\\/\\\/www.comll.cat\"]}]}<\/script>\n<!-- \/ Yoast SEO plugin. -->","yoast_head_json":{"title":"Humanitzar l'atenci\u00f3 al pacient mitjan\u00e7ant la ter\u00e0pia assistida amb animals - Col\u00b7legi Oficial de Metges de Lleida","robots":{"index":"index","follow":"follow","max-snippet":"max-snippet:-1","max-image-preview":"max-image-preview:large","max-video-preview":"max-video-preview:-1"},"canonical":"https:\/\/www.comll.cat\/es\/humanitzar-latencio-al-pacient-mitjancant-la-terapia-assistida-amb-animals\/","og_locale":"es_ES","og_type":"article","og_title":"Humanitzar l'atenci\u00f3 al pacient mitjan\u00e7ant la ter\u00e0pia assistida amb animals - Col\u00b7legi Oficial de Metges de Lleida","og_description":"Dra.\u00a0Maylos\u00a0Rodrigo\u00a0Claverol. Medicina Familiar i\u00a0Comunit\u00e0ria. Experta\u00a0Universit\u00e0ria\u00a0en TAA\u00a0 Dra. J\u00falia\u00a0Jov\u00e9\u00a0Naval.\u00a0Pediatria\u00a0 Bel\u00e9n Malla\u00a0Clua.\u00a0Infermeria\u00a0 CAP\u00a0Bordeta-Magraners\u00a0de Lleida. ICS\u00a0 Al\u00a0CAP\u00a0Bordeta-Magraners\u00a0de Lleida\u00a0s\u2019ha incorporat\u00a0la\u00a0Ter\u00e0pia Assistida amb Animals (TAA)\u00a0com...","og_url":"https:\/\/www.comll.cat\/es\/humanitzar-latencio-al-pacient-mitjancant-la-terapia-assistida-amb-animals\/","og_site_name":"Col\u00b7legi Oficial de Metges de Lleida","article_published_time":"2020-07-31T09:00:24+00:00","article_modified_time":"2022-03-29T17:35:34+00:00","og_image":[{"width":1984,"height":1479,"url":"https:\/\/www.comll.cat\/es\/wp-content\/uploads\/sites\/3\/terapia-animals.jpg","type":"image\/jpeg"}],"author":"Albert","twitter_card":"summary_large_image","schema":{"@context":"https:\/\/schema.org","@graph":[{"@type":"Article","@id":"https:\/\/www.comll.cat\/es\/humanitzar-latencio-al-pacient-mitjancant-la-terapia-assistida-amb-animals\/#article","isPartOf":{"@id":"https:\/\/www.comll.cat\/es\/humanitzar-latencio-al-pacient-mitjancant-la-terapia-assistida-amb-animals\/"},"author":{"name":"Albert","@id":"https:\/\/www.comll.cat\/es\/#\/schema\/person\/1c7bc4d83b35a927d680cfe0ec9120e0"},"headline":"Humanitzar l'atenci\u00f3 al pacient mitjan\u00e7ant la ter\u00e0pia assistida amb animals","datePublished":"2020-07-31T09:00:24+00:00","dateModified":"2022-03-29T17:35:34+00:00","mainEntityOfPage":{"@id":"https:\/\/www.comll.cat\/es\/humanitzar-latencio-al-pacient-mitjancant-la-terapia-assistida-amb-animals\/"},"wordCount":1879,"image":{"@id":"https:\/\/www.comll.cat\/es\/humanitzar-latencio-al-pacient-mitjancant-la-terapia-assistida-amb-animals\/#primaryimage"},"thumbnailUrl":"https:\/\/www.comll.cat\/es\/wp-content\/uploads\/sites\/3\/terapia-animals.jpg","articleSection":["Opini\u00f3n"],"inLanguage":"es"},{"@type":"WebPage","@id":"https:\/\/www.comll.cat\/es\/humanitzar-latencio-al-pacient-mitjancant-la-terapia-assistida-amb-animals\/","url":"https:\/\/www.comll.cat\/es\/humanitzar-latencio-al-pacient-mitjancant-la-terapia-assistida-amb-animals\/","name":"Humanitzar l'atenci\u00f3 al pacient mitjan\u00e7ant la ter\u00e0pia assistida amb animals - Col\u00b7legi Oficial de Metges de Lleida","isPartOf":{"@id":"https:\/\/www.comll.cat\/es\/#website"},"primaryImageOfPage":{"@id":"https:\/\/www.comll.cat\/es\/humanitzar-latencio-al-pacient-mitjancant-la-terapia-assistida-amb-animals\/#primaryimage"},"image":{"@id":"https:\/\/www.comll.cat\/es\/humanitzar-latencio-al-pacient-mitjancant-la-terapia-assistida-amb-animals\/#primaryimage"},"thumbnailUrl":"https:\/\/www.comll.cat\/es\/wp-content\/uploads\/sites\/3\/terapia-animals.jpg","datePublished":"2020-07-31T09:00:24+00:00","dateModified":"2022-03-29T17:35:34+00:00","author":{"@id":"https:\/\/www.comll.cat\/es\/#\/schema\/person\/1c7bc4d83b35a927d680cfe0ec9120e0"},"breadcrumb":{"@id":"https:\/\/www.comll.cat\/es\/humanitzar-latencio-al-pacient-mitjancant-la-terapia-assistida-amb-animals\/#breadcrumb"},"inLanguage":"es","potentialAction":[{"@type":"ReadAction","target":["https:\/\/www.comll.cat\/es\/humanitzar-latencio-al-pacient-mitjancant-la-terapia-assistida-amb-animals\/"]}]},{"@type":"ImageObject","inLanguage":"es","@id":"https:\/\/www.comll.cat\/es\/humanitzar-latencio-al-pacient-mitjancant-la-terapia-assistida-amb-animals\/#primaryimage","url":"https:\/\/www.comll.cat\/es\/wp-content\/uploads\/sites\/3\/terapia-animals.jpg","contentUrl":"https:\/\/www.comll.cat\/es\/wp-content\/uploads\/sites\/3\/terapia-animals.jpg","width":1984,"height":1479},{"@type":"BreadcrumbList","@id":"https:\/\/www.comll.cat\/es\/humanitzar-latencio-al-pacient-mitjancant-la-terapia-assistida-amb-animals\/#breadcrumb","itemListElement":[{"@type":"ListItem","position":1,"name":"Portada","item":"https:\/\/www.comll.cat\/es\/"},{"@type":"ListItem","position":2,"name":"Humanitzar l'atenci\u00f3 al pacient mitjan\u00e7ant la ter\u00e0pia assistida amb animals"}]},{"@type":"WebSite","@id":"https:\/\/www.comll.cat\/es\/#website","url":"https:\/\/www.comll.cat\/es\/","name":"Col\u00b7legi Oficial de Metges de Lleida","description":"COMLL","potentialAction":[{"@type":"SearchAction","target":{"@type":"EntryPoint","urlTemplate":"https:\/\/www.comll.cat\/es\/?s={search_term_string}"},"query-input":{"@type":"PropertyValueSpecification","valueRequired":true,"valueName":"search_term_string"}}],"inLanguage":"es"},{"@type":"Person","@id":"https:\/\/www.comll.cat\/es\/#\/schema\/person\/1c7bc4d83b35a927d680cfe0ec9120e0","name":"Albert","image":{"@type":"ImageObject","inLanguage":"es","@id":"https:\/\/secure.gravatar.com\/avatar\/c1261138a5e7882394bd9001104fe7078a2d860997555a5353af4ef7bd38f6db?s=96&d=mm&r=g","url":"https:\/\/secure.gravatar.com\/avatar\/c1261138a5e7882394bd9001104fe7078a2d860997555a5353af4ef7bd38f6db?s=96&d=mm&r=g","contentUrl":"https:\/\/secure.gravatar.com\/avatar\/c1261138a5e7882394bd9001104fe7078a2d860997555a5353af4ef7bd38f6db?s=96&d=mm&r=g","caption":"Albert"},"sameAs":["https:\/\/www.comll.cat"]}]}},"publishpress_future_action":{"enabled":false,"date":"2026-04-30 13:52:36","action":"change-status","newStatus":"draft","terms":[],"taxonomy":"category","extraData":[]},"publishpress_future_workflow_manual_trigger":{"enabledWorkflows":[]},"_links":{"self":[{"href":"https:\/\/www.comll.cat\/es\/wp-json\/wp\/v2\/posts\/1414","targetHints":{"allow":["GET"]}}],"collection":[{"href":"https:\/\/www.comll.cat\/es\/wp-json\/wp\/v2\/posts"}],"about":[{"href":"https:\/\/www.comll.cat\/es\/wp-json\/wp\/v2\/types\/post"}],"author":[{"embeddable":true,"href":"https:\/\/www.comll.cat\/es\/wp-json\/wp\/v2\/users\/1"}],"replies":[{"embeddable":true,"href":"https:\/\/www.comll.cat\/es\/wp-json\/wp\/v2\/comments?post=1414"}],"version-history":[{"count":0,"href":"https:\/\/www.comll.cat\/es\/wp-json\/wp\/v2\/posts\/1414\/revisions"}],"wp:featuredmedia":[{"embeddable":true,"href":"https:\/\/www.comll.cat\/es\/wp-json\/wp\/v2\/media\/1415"}],"wp:attachment":[{"href":"https:\/\/www.comll.cat\/es\/wp-json\/wp\/v2\/media?parent=1414"}],"wp:term":[{"taxonomy":"category","embeddable":true,"href":"https:\/\/www.comll.cat\/es\/wp-json\/wp\/v2\/categories?post=1414"},{"taxonomy":"post_tag","embeddable":true,"href":"https:\/\/www.comll.cat\/es\/wp-json\/wp\/v2\/tags?post=1414"}],"curies":[{"name":"wp","href":"https:\/\/api.w.org\/{rel}","templated":true}]}}