{"id":1412,"date":"2020-07-31T11:02:25","date_gmt":"2020-07-31T09:02:25","guid":{"rendered":"https:\/\/www.comll.cat\/manipulacio-de-mostres-quan-el-ressentiment-i-el-despit-configuren-un-delicte\/"},"modified":"2022-03-29T19:35:33","modified_gmt":"2022-03-29T17:35:33","slug":"manipulacio-de-mostres-quan-el-ressentiment-i-el-despit-configuren-un-delicte","status":"publish","type":"post","link":"https:\/\/www.comll.cat\/es\/manipulacio-de-mostres-quan-el-ressentiment-i-el-despit-configuren-un-delicte\/","title":{"rendered":"Manipulaci\u00f3 de mostres. Quan el ressentiment i el despit configuren un delicte."},"content":{"rendered":"<p><strong><img loading=\"lazy\" decoding=\"async\" class=\"alignnone size-medium wp-image-25273\" src=\"https:\/\/www.comll.cat\/wp-content\/uploads\/\/manipulacio-mostres-300x223.jpg\" alt=\"manipulacio\u0301-mostres\" width=\"300\" height=\"223\" \/><\/strong><\/p>\n<p style=\"text-align: justify;\"><strong>J. Corbella i Duch<\/strong><\/p>\n<p style=\"text-align: justify;\"><span data-contrast=\"auto\">Dr. en Dret, Advocat<\/span><span data-ccp-props=\"{&quot;201341983&quot;:0,&quot;335551550&quot;:6,&quot;335551620&quot;:6,&quot;335559739&quot;:200,&quot;335559740&quot;:240}\">\u00a0<\/span><\/p>\n<p style=\"text-align: justify;\">\n<p style=\"text-align: justify;\"><span data-contrast=\"auto\">En l\u2019\u00e0mbit de la sanitat la majoria de condemnes penals sancionen actuacions imprudents o negligents, i trobem poques condemnes per actuacions doloses o intencionals. Per aix\u00f2, tot hom es fixa amb les\u00a0<\/span><span data-contrast=\"auto\">que publiquen els\u00a0<\/span><span data-contrast=\"auto\">repertoris<\/span><span data-contrast=\"auto\">\u00a0de jurisprud\u00e8ncia.<\/span><span data-ccp-props=\"{&quot;201341983&quot;:0,&quot;335551550&quot;:6,&quot;335551620&quot;:6,&quot;335559739&quot;:200,&quot;335559740&quot;:360}\">\u00a0<\/span><\/p>\n<p style=\"text-align: justify;\"><span data-contrast=\"auto\">Des d\u2019aquesta perspectiva, tenint en compte la singularitat del cas, comentar\u00e9 la sent\u00e8ncia dictada pel Tribunal Suprem el 14 de gener de 2020, confirmant la condemna d\u2019una t\u00e8cnica de laboratori d\u2019un hospital de Saragossa per un delicte de risc, a la pena de 2 anys de pres\u00f3, 12 mesos de multa de 8 \u20ac\/dia, i 6 anys d\u2019inhabilitaci\u00f3, i per un altre delicte de falsedat, a la pena de 3 anys de pres\u00f3, 6 mesos de multa de 8 \u20ac\/dia, i 4 anys d\u2019inhabilitaci\u00f3<\/span><span data-contrast=\"auto\">, mes indemnitzacions als perjudicats<\/span><span data-contrast=\"auto\">.<\/span><span data-ccp-props=\"{&quot;201341983&quot;:0,&quot;335551550&quot;:6,&quot;335551620&quot;:6,&quot;335559739&quot;:200,&quot;335559740&quot;:360}\">\u00a0<\/span><\/p>\n<p style=\"text-align: justify;\"><span data-contrast=\"auto\">Sumant-ho tot, resulta un total, 5 anys de pres\u00f3, 18 mesos de multa, i 10 anys d\u2019inhabilitaci\u00f3. I tot a conseq\u00fc\u00e8ncia d\u2019un disgust pel trasllat a un altre lloc de treball, que seguidament es transforma en un fort empipament i en un ressentiment, que genera una resposta per despit, totalment equivocada.<\/span><span data-ccp-props=\"{&quot;201341983&quot;:0,&quot;335551550&quot;:6,&quot;335551620&quot;:6,&quot;335559739&quot;:200,&quot;335559740&quot;:360}\">\u00a0<\/span><\/p>\n<p style=\"text-align: justify;\"><span data-contrast=\"auto\">Els fets<\/span><span data-contrast=\"auto\">, recollits aqu\u00ed resumidament,<\/span><span data-contrast=\"auto\">\u00a0comencen amb l\u2019ordre de trasllat de la t\u00e8cnica superior de laboratori des de la secci\u00f3 de\u00a0<\/span><span data-contrast=\"auto\">Micobact\u00e8ries<\/span><span data-contrast=\"auto\">\u00a0a la secci\u00f3 Genito-<\/span><span data-contrast=\"auto\">Urinaria<\/span><span data-contrast=\"auto\">\u00a0del mateix hospital, i del mateix laboratori, que s\u2019havia de fer el dia 4 de mar\u00e7 de 2016. I la sent\u00e8ncia dona per provat que la treballadora es va manifestar en contra i enutjada per l\u2019ordre rebuda,\u00a0<\/span><span data-contrast=\"auto\">perque<\/span><span data-contrast=\"auto\">\u00a0estava mol a gust en\u00a0<\/span><span data-contrast=\"auto\">Micobacteries<\/span><span data-contrast=\"auto\">\u00a0on tenia una relaci\u00f3 de confian\u00e7a i d\u2019amistat molt estreta amb el facultatiu responsable de la mateixa.<\/span><span data-ccp-props=\"{&quot;201341983&quot;:0,&quot;335551550&quot;:6,&quot;335551620&quot;:6,&quot;335559739&quot;:200,&quot;335559740&quot;:360}\">\u00a0<\/span><\/p>\n<p style=\"text-align: justify;\"><span data-contrast=\"auto\">Per aquest motiu, guiada pel ressentiment i el despit<\/span><span data-contrast=\"auto\">,<\/span><b><span data-contrast=\"auto\">\u00a0<\/span><\/b><span data-contrast=\"auto\">el mateix 4 de mar\u00e7 de 2016, aprofitant que estava sola,\u00a0<\/span><span data-contrast=\"auto\">decideix manipular les mostres que entraven a la secci\u00f3 en el seu darrer dia de treball, amb la inoculaci\u00f3 de l\u00edquid procedent d\u2019una\u00a0<\/span><span data-contrast=\"auto\">soca de tuberculosi, que tenia el laboratori com a\u00a0<\/span><span data-contrast=\"auto\">mostra de control\u00a0<\/span><span data-contrast=\"auto\">tramesa per la OMS.<\/span><span data-ccp-props=\"{&quot;201341983&quot;:0,&quot;335551550&quot;:6,&quot;335551620&quot;:6,&quot;335559739&quot;:200,&quot;335559740&quot;:360}\">\u00a0<\/span><\/p>\n<p style=\"text-align: justify;\"><span data-contrast=\"auto\">Es van registrar set falsos resultats positius de tuberculosi, que es van considerar com a accidentals, per contaminaci\u00f3 creuada, at\u00e8s que els malalts presentaven una cl\u00edni<\/span><span data-contrast=\"auto\">c<\/span><span data-contrast=\"auto\">a que no es corresponia amb els resultats.<\/span><span data-ccp-props=\"{&quot;201341983&quot;:0,&quot;335551550&quot;:6,&quot;335551620&quot;:6,&quot;335559739&quot;:200,&quot;335559740&quot;:360}\">\u00a0<\/span><\/p>\n<p style=\"text-align: justify;\"><span data-contrast=\"auto\">El 2 d\u2019abril, aprofitant que un despla\u00e7ament a la secci\u00f3 de\u00a0<\/span><span data-contrast=\"auto\">Micobact\u00e8ries<\/span><span data-contrast=\"auto\">\u00a0per a fer una tint de \u201c<\/span><span data-contrast=\"auto\">Zhiel<\/span><span data-contrast=\"auto\">\u00a0<\/span><span data-contrast=\"auto\">Neelsen<\/span><span data-contrast=\"auto\">\u201d en una mostra, contamina altres mostre<\/span><span data-contrast=\"auto\">s i vials cl\u00ednics, fora de les zones de seguretat emparades per les campanes extractores, creant una situaci\u00f3 de risc de contagi\u00a0 propi i dels dem\u00e9s treballadors de la secci\u00f3.<\/span><span data-ccp-props=\"{&quot;201341983&quot;:0,&quot;335551550&quot;:6,&quot;335551620&quot;:6,&quot;335559739&quot;:200,&quot;335559740&quot;:360}\">\u00a0<\/span><\/p>\n<p style=\"text-align: justify;\"><span data-contrast=\"auto\">El 16 de maig intercanvia les etiquetes del tub de mostres d\u2019un pacient amb les d\u2019un altre, que havia donat positiu al \u201c<\/span><span data-contrast=\"auto\">Neisseria<\/span><span data-contrast=\"auto\">\u00a0<\/span><span data-contrast=\"auto\">Gonorrhoeae<\/span><span data-contrast=\"auto\">\u201d, i per aquest motiu\u00a0 es va donar un fals positiu a la primera, i es va donar com a negatiu al malalt que, realment, estava afectat, la qual cosa determina l\u2019aplicaci\u00f3 d\u2019un tractament amb antibi\u00f2tic,\u00a0<\/span><span data-contrast=\"auto\">ceftriaxona<\/span><span data-contrast=\"auto\">\u00a0i\u00a0<\/span><span data-contrast=\"auto\">azitromizina<\/span><span data-contrast=\"auto\">\u00a0 a una pacient gestant de 26 setmanes, que presentava el fals positiu.<\/span><span data-ccp-props=\"{&quot;201341983&quot;:0,&quot;335551550&quot;:6,&quot;335551620&quot;:6,&quot;335559739&quot;:200,&quot;335559740&quot;:360}\">\u00a0<\/span><\/p>\n<p style=\"text-align: justify;\"><span data-contrast=\"auto\">Posteriorment, quan l\u2019acusada \u00e9s detinguda, portava en la seva bossa de m\u00e0 les etiquetes\u00a0<\/span><span data-contrast=\"auto\">que identificaven els\u00a0<\/span><span data-contrast=\"auto\">corresponents tubs de les mostres<\/span><span data-contrast=\"auto\">.<\/span><span data-ccp-props=\"{&quot;201341983&quot;:0,&quot;335551550&quot;:6,&quot;335551620&quot;:6,&quot;335559739&quot;:200,&quot;335559740&quot;:360}\">\u00a0<\/span><\/p>\n<p style=\"text-align: justify;\"><span data-contrast=\"auto\">Un dels malalts amb fals positius de tuberculosi, a mes de la natural preocupaci\u00f3 pel diagn\u00f2stic, fou ingressat durant cinc dies a l\u2019hospital, i sotm\u00e8s a tractament farmacol\u00f2gics, mentre es practicaven proves de \u201c<\/span><span data-contrast=\"auto\">Mantoux<\/span><span data-contrast=\"auto\">\u201d als seus familiars<\/span><span data-contrast=\"auto\">. Per aquets motius, angoixa, hospitalitzaci\u00f3 i tractament innecessari, el Tribunal considera que els pacient afectats van tenir perjudicis, i reconeix a favor seu una indemnitzaci\u00f3<\/span><span data-contrast=\"auto\">.<\/span><span data-ccp-props=\"{&quot;201341983&quot;:0,&quot;335551550&quot;:6,&quot;335551620&quot;:6,&quot;335559739&quot;:200,&quot;335559740&quot;:360}\">\u00a0<\/span><\/p>\n<p style=\"text-align: justify;\"><span data-contrast=\"auto\">Davant dels fets que el Tribunal considera provats (exposat de forma resumida en el par\u00e0grafs anteriors), la defensa fonamenta els successius recursos en la legalitat de la prova indici\u00e0ria at\u00e8s que no hi ha cap prova directa de la manipulaci\u00f3 de les mostres imputada a la treballadora del laboratori. Dit d\u2019una altra manera. Com que ning\u00fa va veure qui i com es feia la manipulaci\u00f3 i inoculaci\u00f3 de soques de tuberculosi de les mostres, l\u2019argument de la defensa consisteix a negar l\u2019autoria i impugnar la legalitat de la prova indiciaria.<\/span><span data-ccp-props=\"{&quot;201341983&quot;:0,&quot;335551550&quot;:6,&quot;335551620&quot;:6,&quot;335559739&quot;:200,&quot;335559740&quot;:360}\">\u00a0<\/span><\/p>\n<p style=\"text-align: justify;\"><span data-contrast=\"auto\">Ara no farem pas un an\u00e0lisi de l\u2019argumentaci\u00f3 jur\u00eddica sobre els elements i requisits que cal tenir en compte per a treure conclusions at\u00e8s que\u00a0<\/span><span data-contrast=\"auto\">s\u2019adiu<\/span><span data-contrast=\"auto\">\u00a0mes amb la t\u00e8cnica jur\u00eddica del proc\u00e9s que, amb l\u2019\u00e0mbit d\u2019actuaci\u00f3 de la medicina i de les ci\u00e8ncies de la salut.<\/span><span data-ccp-props=\"{&quot;201341983&quot;:0,&quot;335551550&quot;:6,&quot;335551620&quot;:6,&quot;335559739&quot;:200,&quot;335559740&quot;:360}\">\u00a0<\/span><\/p>\n<p style=\"text-align: justify;\"><span data-contrast=\"auto\">Si que ens queda, per\u00f2<\/span><span data-contrast=\"auto\">,<\/span><span data-contrast=\"auto\">\u00a0la possibilitat de fer unes breus consideracions sobre el comportament de la t\u00e8cnica de laboratori condemnada que\u00a0<\/span><span data-contrast=\"auto\">evidencia un plantejament equivocat respecte de les obligacions derivades del contracte de treball. La manipulaci\u00f3 de les mostres, en primer lloc, palesa un greu\u00a0<\/span><span data-contrast=\"auto\">menysteniment<\/span><span data-contrast=\"auto\">\u00a0de la vida, integritat i salut dels malalts que resulten afectats pels falsos positius, que ocasionen\u00a0<\/span><span data-contrast=\"auto\">ingressos en centres sanitaris i tractaments\u00a0<\/span><span data-contrast=\"auto\">farmacol<\/span><span data-contrast=\"auto\">\u00f2gics innecessaris.<\/span><span data-ccp-props=\"{&quot;201341983&quot;:0,&quot;335551550&quot;:6,&quot;335551620&quot;:6,&quot;335559739&quot;:200,&quot;335559740&quot;:360}\">\u00a0<\/span><\/p>\n<p style=\"text-align: justify;\"><span data-contrast=\"auto\">Segonament, i pel que fa amb els efectes de les manipulacions sobre el funcionaments del laboratori i la qualitat dels resultats de les anal\u00edtiques, resulta una disfunci\u00f3 important a partir de la qual es generen tota mena d\u2019hip\u00f2tesis i de sospites, imposant un seguit de verificacions amb la correlativa despesa de temps i de recursos.<\/span><span data-ccp-props=\"{&quot;201341983&quot;:0,&quot;335551550&quot;:6,&quot;335551620&quot;:6,&quot;335559739&quot;:200,&quot;335559740&quot;:360}\">\u00a0<\/span><\/p>\n<p style=\"text-align: justify;\"><span data-contrast=\"auto\">La treballadora, en el seu moment, no accepta sortir de la seva situaci\u00f3 de confort, i en lloc de buscar arguments que li ajudin a assumir la nova situaci\u00f3, inicia un seguit d\u2019actuacions que nom\u00e9s tenen per finalitat causar un mal als companys de feina i al sistema sa<\/span><span data-contrast=\"auto\">nitari.<\/span><span data-ccp-props=\"{&quot;201341983&quot;:0,&quot;335551550&quot;:6,&quot;335551620&quot;:6,&quot;335559739&quot;:200,&quot;335559740&quot;:360}\">\u00a0<\/span><\/p>\n<p style=\"text-align: justify;\"><span data-contrast=\"auto\">Tenint en compte aquest comportament podem entendre millor les penes imposades, i especialment, la de inhabilitaci\u00f3 per a exercir la professi\u00f3.<\/span><span data-ccp-props=\"{&quot;201341983&quot;:0,&quot;335551550&quot;:6,&quot;335551620&quot;:6,&quot;335559739&quot;:200,&quot;335559740&quot;:360}\">\u00a0<\/span><\/p>\n","protected":false},"excerpt":{"rendered":"<p>J. Corbella i Duch Dr. en Dret, Advocat\u00a0 En l\u2019\u00e0mbit de la sanitat la majoria de condemnes penals sancionen actuacions...<\/p>\n","protected":false},"author":1,"featured_media":1413,"comment_status":"closed","ping_status":"closed","sticky":false,"template":"","format":"standard","meta":{"_acf_changed":false,"inline_featured_image":false,"footnotes":""},"categories":[28],"tags":[],"class_list":["post-1412","post","type-post","status-publish","format-standard","has-post-thumbnail","hentry","category-opinion"],"acf":[],"yoast_head":"<!-- This site is optimized with the Yoast SEO plugin v27.5 - https:\/\/yoast.com\/product\/yoast-seo-wordpress\/ -->\n<title>Manipulaci\u00f3 de mostres. Quan el ressentiment i el despit configuren un delicte. - Col\u00b7legi Oficial de Metges de Lleida<\/title>\n<meta name=\"robots\" content=\"index, follow, max-snippet:-1, max-image-preview:large, max-video-preview:-1\" \/>\n<link rel=\"canonical\" href=\"https:\/\/www.comll.cat\/es\/manipulacio-de-mostres-quan-el-ressentiment-i-el-despit-configuren-un-delicte\/\" \/>\n<meta property=\"og:locale\" content=\"es_ES\" \/>\n<meta property=\"og:type\" content=\"article\" \/>\n<meta property=\"og:title\" content=\"Manipulaci\u00f3 de mostres. Quan el ressentiment i el despit configuren un delicte. - Col\u00b7legi Oficial de Metges de Lleida\" \/>\n<meta property=\"og:description\" content=\"J. Corbella i Duch Dr. en Dret, Advocat\u00a0 En l\u2019\u00e0mbit de la sanitat la majoria de condemnes penals sancionen actuacions...\" \/>\n<meta property=\"og:url\" content=\"https:\/\/www.comll.cat\/es\/manipulacio-de-mostres-quan-el-ressentiment-i-el-despit-configuren-un-delicte\/\" \/>\n<meta property=\"og:site_name\" content=\"Col\u00b7legi Oficial de Metges de Lleida\" \/>\n<meta property=\"article:published_time\" content=\"2020-07-31T09:02:25+00:00\" \/>\n<meta property=\"article:modified_time\" content=\"2022-03-29T17:35:33+00:00\" \/>\n<meta property=\"og:image\" content=\"https:\/\/www.comll.cat\/es\/wp-content\/uploads\/sites\/3\/manipulacio-mostres.jpg\" \/>\n\t<meta property=\"og:image:width\" content=\"1843\" \/>\n\t<meta property=\"og:image:height\" content=\"1373\" \/>\n\t<meta property=\"og:image:type\" content=\"image\/jpeg\" \/>\n<meta name=\"author\" content=\"Albert\" \/>\n<meta name=\"twitter:card\" content=\"summary_large_image\" \/>\n<script type=\"application\/ld+json\" class=\"yoast-schema-graph\">{\"@context\":\"https:\\\/\\\/schema.org\",\"@graph\":[{\"@type\":\"Article\",\"@id\":\"https:\\\/\\\/www.comll.cat\\\/es\\\/manipulacio-de-mostres-quan-el-ressentiment-i-el-despit-configuren-un-delicte\\\/#article\",\"isPartOf\":{\"@id\":\"https:\\\/\\\/www.comll.cat\\\/es\\\/manipulacio-de-mostres-quan-el-ressentiment-i-el-despit-configuren-un-delicte\\\/\"},\"author\":{\"name\":\"Albert\",\"@id\":\"https:\\\/\\\/www.comll.cat\\\/es\\\/#\\\/schema\\\/person\\\/1c7bc4d83b35a927d680cfe0ec9120e0\"},\"headline\":\"Manipulaci\u00f3 de mostres. Quan el ressentiment i el despit configuren un delicte.\",\"datePublished\":\"2020-07-31T09:02:25+00:00\",\"dateModified\":\"2022-03-29T17:35:33+00:00\",\"mainEntityOfPage\":{\"@id\":\"https:\\\/\\\/www.comll.cat\\\/es\\\/manipulacio-de-mostres-quan-el-ressentiment-i-el-despit-configuren-un-delicte\\\/\"},\"wordCount\":970,\"image\":{\"@id\":\"https:\\\/\\\/www.comll.cat\\\/es\\\/manipulacio-de-mostres-quan-el-ressentiment-i-el-despit-configuren-un-delicte\\\/#primaryimage\"},\"thumbnailUrl\":\"https:\\\/\\\/www.comll.cat\\\/es\\\/wp-content\\\/uploads\\\/sites\\\/3\\\/manipulacio-mostres.jpg\",\"articleSection\":[\"Opini\u00f3n\"],\"inLanguage\":\"es\"},{\"@type\":\"WebPage\",\"@id\":\"https:\\\/\\\/www.comll.cat\\\/es\\\/manipulacio-de-mostres-quan-el-ressentiment-i-el-despit-configuren-un-delicte\\\/\",\"url\":\"https:\\\/\\\/www.comll.cat\\\/es\\\/manipulacio-de-mostres-quan-el-ressentiment-i-el-despit-configuren-un-delicte\\\/\",\"name\":\"Manipulaci\u00f3 de mostres. Quan el ressentiment i el despit configuren un delicte. - Col\u00b7legi Oficial de Metges de Lleida\",\"isPartOf\":{\"@id\":\"https:\\\/\\\/www.comll.cat\\\/es\\\/#website\"},\"primaryImageOfPage\":{\"@id\":\"https:\\\/\\\/www.comll.cat\\\/es\\\/manipulacio-de-mostres-quan-el-ressentiment-i-el-despit-configuren-un-delicte\\\/#primaryimage\"},\"image\":{\"@id\":\"https:\\\/\\\/www.comll.cat\\\/es\\\/manipulacio-de-mostres-quan-el-ressentiment-i-el-despit-configuren-un-delicte\\\/#primaryimage\"},\"thumbnailUrl\":\"https:\\\/\\\/www.comll.cat\\\/es\\\/wp-content\\\/uploads\\\/sites\\\/3\\\/manipulacio-mostres.jpg\",\"datePublished\":\"2020-07-31T09:02:25+00:00\",\"dateModified\":\"2022-03-29T17:35:33+00:00\",\"author\":{\"@id\":\"https:\\\/\\\/www.comll.cat\\\/es\\\/#\\\/schema\\\/person\\\/1c7bc4d83b35a927d680cfe0ec9120e0\"},\"breadcrumb\":{\"@id\":\"https:\\\/\\\/www.comll.cat\\\/es\\\/manipulacio-de-mostres-quan-el-ressentiment-i-el-despit-configuren-un-delicte\\\/#breadcrumb\"},\"inLanguage\":\"es\",\"potentialAction\":[{\"@type\":\"ReadAction\",\"target\":[\"https:\\\/\\\/www.comll.cat\\\/es\\\/manipulacio-de-mostres-quan-el-ressentiment-i-el-despit-configuren-un-delicte\\\/\"]}]},{\"@type\":\"ImageObject\",\"inLanguage\":\"es\",\"@id\":\"https:\\\/\\\/www.comll.cat\\\/es\\\/manipulacio-de-mostres-quan-el-ressentiment-i-el-despit-configuren-un-delicte\\\/#primaryimage\",\"url\":\"https:\\\/\\\/www.comll.cat\\\/es\\\/wp-content\\\/uploads\\\/sites\\\/3\\\/manipulacio-mostres.jpg\",\"contentUrl\":\"https:\\\/\\\/www.comll.cat\\\/es\\\/wp-content\\\/uploads\\\/sites\\\/3\\\/manipulacio-mostres.jpg\",\"width\":1843,\"height\":1373},{\"@type\":\"BreadcrumbList\",\"@id\":\"https:\\\/\\\/www.comll.cat\\\/es\\\/manipulacio-de-mostres-quan-el-ressentiment-i-el-despit-configuren-un-delicte\\\/#breadcrumb\",\"itemListElement\":[{\"@type\":\"ListItem\",\"position\":1,\"name\":\"Portada\",\"item\":\"https:\\\/\\\/www.comll.cat\\\/es\\\/\"},{\"@type\":\"ListItem\",\"position\":2,\"name\":\"Manipulaci\u00f3 de mostres. Quan el ressentiment i el despit configuren un delicte.\"}]},{\"@type\":\"WebSite\",\"@id\":\"https:\\\/\\\/www.comll.cat\\\/es\\\/#website\",\"url\":\"https:\\\/\\\/www.comll.cat\\\/es\\\/\",\"name\":\"Col\u00b7legi Oficial de Metges de Lleida\",\"description\":\"COMLL\",\"potentialAction\":[{\"@type\":\"SearchAction\",\"target\":{\"@type\":\"EntryPoint\",\"urlTemplate\":\"https:\\\/\\\/www.comll.cat\\\/es\\\/?s={search_term_string}\"},\"query-input\":{\"@type\":\"PropertyValueSpecification\",\"valueRequired\":true,\"valueName\":\"search_term_string\"}}],\"inLanguage\":\"es\"},{\"@type\":\"Person\",\"@id\":\"https:\\\/\\\/www.comll.cat\\\/es\\\/#\\\/schema\\\/person\\\/1c7bc4d83b35a927d680cfe0ec9120e0\",\"name\":\"Albert\",\"image\":{\"@type\":\"ImageObject\",\"inLanguage\":\"es\",\"@id\":\"https:\\\/\\\/secure.gravatar.com\\\/avatar\\\/c1261138a5e7882394bd9001104fe7078a2d860997555a5353af4ef7bd38f6db?s=96&d=mm&r=g\",\"url\":\"https:\\\/\\\/secure.gravatar.com\\\/avatar\\\/c1261138a5e7882394bd9001104fe7078a2d860997555a5353af4ef7bd38f6db?s=96&d=mm&r=g\",\"contentUrl\":\"https:\\\/\\\/secure.gravatar.com\\\/avatar\\\/c1261138a5e7882394bd9001104fe7078a2d860997555a5353af4ef7bd38f6db?s=96&d=mm&r=g\",\"caption\":\"Albert\"},\"sameAs\":[\"https:\\\/\\\/www.comll.cat\"]}]}<\/script>\n<!-- \/ Yoast SEO plugin. -->","yoast_head_json":{"title":"Manipulaci\u00f3 de mostres. Quan el ressentiment i el despit configuren un delicte. - Col\u00b7legi Oficial de Metges de Lleida","robots":{"index":"index","follow":"follow","max-snippet":"max-snippet:-1","max-image-preview":"max-image-preview:large","max-video-preview":"max-video-preview:-1"},"canonical":"https:\/\/www.comll.cat\/es\/manipulacio-de-mostres-quan-el-ressentiment-i-el-despit-configuren-un-delicte\/","og_locale":"es_ES","og_type":"article","og_title":"Manipulaci\u00f3 de mostres. Quan el ressentiment i el despit configuren un delicte. - Col\u00b7legi Oficial de Metges de Lleida","og_description":"J. Corbella i Duch Dr. en Dret, Advocat\u00a0 En l\u2019\u00e0mbit de la sanitat la majoria de condemnes penals sancionen actuacions...","og_url":"https:\/\/www.comll.cat\/es\/manipulacio-de-mostres-quan-el-ressentiment-i-el-despit-configuren-un-delicte\/","og_site_name":"Col\u00b7legi Oficial de Metges de Lleida","article_published_time":"2020-07-31T09:02:25+00:00","article_modified_time":"2022-03-29T17:35:33+00:00","og_image":[{"width":1843,"height":1373,"url":"https:\/\/www.comll.cat\/es\/wp-content\/uploads\/sites\/3\/manipulacio-mostres.jpg","type":"image\/jpeg"}],"author":"Albert","twitter_card":"summary_large_image","schema":{"@context":"https:\/\/schema.org","@graph":[{"@type":"Article","@id":"https:\/\/www.comll.cat\/es\/manipulacio-de-mostres-quan-el-ressentiment-i-el-despit-configuren-un-delicte\/#article","isPartOf":{"@id":"https:\/\/www.comll.cat\/es\/manipulacio-de-mostres-quan-el-ressentiment-i-el-despit-configuren-un-delicte\/"},"author":{"name":"Albert","@id":"https:\/\/www.comll.cat\/es\/#\/schema\/person\/1c7bc4d83b35a927d680cfe0ec9120e0"},"headline":"Manipulaci\u00f3 de mostres. Quan el ressentiment i el despit configuren un delicte.","datePublished":"2020-07-31T09:02:25+00:00","dateModified":"2022-03-29T17:35:33+00:00","mainEntityOfPage":{"@id":"https:\/\/www.comll.cat\/es\/manipulacio-de-mostres-quan-el-ressentiment-i-el-despit-configuren-un-delicte\/"},"wordCount":970,"image":{"@id":"https:\/\/www.comll.cat\/es\/manipulacio-de-mostres-quan-el-ressentiment-i-el-despit-configuren-un-delicte\/#primaryimage"},"thumbnailUrl":"https:\/\/www.comll.cat\/es\/wp-content\/uploads\/sites\/3\/manipulacio-mostres.jpg","articleSection":["Opini\u00f3n"],"inLanguage":"es"},{"@type":"WebPage","@id":"https:\/\/www.comll.cat\/es\/manipulacio-de-mostres-quan-el-ressentiment-i-el-despit-configuren-un-delicte\/","url":"https:\/\/www.comll.cat\/es\/manipulacio-de-mostres-quan-el-ressentiment-i-el-despit-configuren-un-delicte\/","name":"Manipulaci\u00f3 de mostres. Quan el ressentiment i el despit configuren un delicte. - Col\u00b7legi Oficial de Metges de Lleida","isPartOf":{"@id":"https:\/\/www.comll.cat\/es\/#website"},"primaryImageOfPage":{"@id":"https:\/\/www.comll.cat\/es\/manipulacio-de-mostres-quan-el-ressentiment-i-el-despit-configuren-un-delicte\/#primaryimage"},"image":{"@id":"https:\/\/www.comll.cat\/es\/manipulacio-de-mostres-quan-el-ressentiment-i-el-despit-configuren-un-delicte\/#primaryimage"},"thumbnailUrl":"https:\/\/www.comll.cat\/es\/wp-content\/uploads\/sites\/3\/manipulacio-mostres.jpg","datePublished":"2020-07-31T09:02:25+00:00","dateModified":"2022-03-29T17:35:33+00:00","author":{"@id":"https:\/\/www.comll.cat\/es\/#\/schema\/person\/1c7bc4d83b35a927d680cfe0ec9120e0"},"breadcrumb":{"@id":"https:\/\/www.comll.cat\/es\/manipulacio-de-mostres-quan-el-ressentiment-i-el-despit-configuren-un-delicte\/#breadcrumb"},"inLanguage":"es","potentialAction":[{"@type":"ReadAction","target":["https:\/\/www.comll.cat\/es\/manipulacio-de-mostres-quan-el-ressentiment-i-el-despit-configuren-un-delicte\/"]}]},{"@type":"ImageObject","inLanguage":"es","@id":"https:\/\/www.comll.cat\/es\/manipulacio-de-mostres-quan-el-ressentiment-i-el-despit-configuren-un-delicte\/#primaryimage","url":"https:\/\/www.comll.cat\/es\/wp-content\/uploads\/sites\/3\/manipulacio-mostres.jpg","contentUrl":"https:\/\/www.comll.cat\/es\/wp-content\/uploads\/sites\/3\/manipulacio-mostres.jpg","width":1843,"height":1373},{"@type":"BreadcrumbList","@id":"https:\/\/www.comll.cat\/es\/manipulacio-de-mostres-quan-el-ressentiment-i-el-despit-configuren-un-delicte\/#breadcrumb","itemListElement":[{"@type":"ListItem","position":1,"name":"Portada","item":"https:\/\/www.comll.cat\/es\/"},{"@type":"ListItem","position":2,"name":"Manipulaci\u00f3 de mostres. Quan el ressentiment i el despit configuren un delicte."}]},{"@type":"WebSite","@id":"https:\/\/www.comll.cat\/es\/#website","url":"https:\/\/www.comll.cat\/es\/","name":"Col\u00b7legi Oficial de Metges de Lleida","description":"COMLL","potentialAction":[{"@type":"SearchAction","target":{"@type":"EntryPoint","urlTemplate":"https:\/\/www.comll.cat\/es\/?s={search_term_string}"},"query-input":{"@type":"PropertyValueSpecification","valueRequired":true,"valueName":"search_term_string"}}],"inLanguage":"es"},{"@type":"Person","@id":"https:\/\/www.comll.cat\/es\/#\/schema\/person\/1c7bc4d83b35a927d680cfe0ec9120e0","name":"Albert","image":{"@type":"ImageObject","inLanguage":"es","@id":"https:\/\/secure.gravatar.com\/avatar\/c1261138a5e7882394bd9001104fe7078a2d860997555a5353af4ef7bd38f6db?s=96&d=mm&r=g","url":"https:\/\/secure.gravatar.com\/avatar\/c1261138a5e7882394bd9001104fe7078a2d860997555a5353af4ef7bd38f6db?s=96&d=mm&r=g","contentUrl":"https:\/\/secure.gravatar.com\/avatar\/c1261138a5e7882394bd9001104fe7078a2d860997555a5353af4ef7bd38f6db?s=96&d=mm&r=g","caption":"Albert"},"sameAs":["https:\/\/www.comll.cat"]}]}},"publishpress_future_action":{"enabled":false,"date":"2026-05-02 08:46:28","action":"change-status","newStatus":"draft","terms":[],"taxonomy":"category","extraData":[]},"publishpress_future_workflow_manual_trigger":{"enabledWorkflows":[]},"_links":{"self":[{"href":"https:\/\/www.comll.cat\/es\/wp-json\/wp\/v2\/posts\/1412","targetHints":{"allow":["GET"]}}],"collection":[{"href":"https:\/\/www.comll.cat\/es\/wp-json\/wp\/v2\/posts"}],"about":[{"href":"https:\/\/www.comll.cat\/es\/wp-json\/wp\/v2\/types\/post"}],"author":[{"embeddable":true,"href":"https:\/\/www.comll.cat\/es\/wp-json\/wp\/v2\/users\/1"}],"replies":[{"embeddable":true,"href":"https:\/\/www.comll.cat\/es\/wp-json\/wp\/v2\/comments?post=1412"}],"version-history":[{"count":0,"href":"https:\/\/www.comll.cat\/es\/wp-json\/wp\/v2\/posts\/1412\/revisions"}],"wp:featuredmedia":[{"embeddable":true,"href":"https:\/\/www.comll.cat\/es\/wp-json\/wp\/v2\/media\/1413"}],"wp:attachment":[{"href":"https:\/\/www.comll.cat\/es\/wp-json\/wp\/v2\/media?parent=1412"}],"wp:term":[{"taxonomy":"category","embeddable":true,"href":"https:\/\/www.comll.cat\/es\/wp-json\/wp\/v2\/categories?post=1412"},{"taxonomy":"post_tag","embeddable":true,"href":"https:\/\/www.comll.cat\/es\/wp-json\/wp\/v2\/tags?post=1412"}],"curies":[{"name":"wp","href":"https:\/\/api.w.org\/{rel}","templated":true}]}}