{"id":1322,"date":"2020-06-03T10:35:13","date_gmt":"2020-06-03T08:35:13","guid":{"rendered":"https:\/\/www.comll.cat\/obligacio-de-locupador-de-facilitar-equips-de-proteccio-i-possibilitat-dactuacio-en-cas-de-mancanca\/"},"modified":"2022-03-29T19:35:09","modified_gmt":"2022-03-29T17:35:09","slug":"obligacio-de-locupador-de-facilitar-equips-de-proteccio-i-possibilitat-dactuacio-en-cas-de-mancanca","status":"publish","type":"post","link":"https:\/\/www.comll.cat\/es\/obligacio-de-locupador-de-facilitar-equips-de-proteccio-i-possibilitat-dactuacio-en-cas-de-mancanca\/","title":{"rendered":"Obligaci\u00f3 de l\u2019ocupador de facilitar equips de protecci\u00f3 i possibilitat d\u2019actuaci\u00f3 en cas de mancan\u00e7a"},"content":{"rendered":"<p><img loading=\"lazy\" decoding=\"async\" class=\"alignnone size-medium wp-image-24104\" src=\"https:\/\/www.comll.cat\/wp-content\/uploads\/sites\/3\/epi2-300x224.jpg\" alt=\"Obligaci\u00f3 de l\u2019ocupador de facilitar equips de protecci\u00f3 i possibilitat d\u2019actuaci\u00f3 en cas de mancan\u00e7a\" width=\"300\" height=\"224\" \/><\/p>\n<p>L\u2019article 21 de la Llei 31\/1995, de 8 de novembre, de prevenci\u00f3 de riscos laborals preveu que davant d\u2019una situaci\u00f3 de risc qualificada com \u201cgreu i imminent\u201d, l\u2019empresari est\u00e0 obligat a prendre tot tipus de mesures preventives, inclosa la paralitzaci\u00f3 de l\u2019activitat.<\/p>\n<p>Considerant la situaci\u00f3 actual de pand\u00e8mia declarada, i el risc objectiu en que es situa el personal sanitari, en cas que no es facilitin els equips de protecci\u00f3 per part dels ocupadors, p\u00fablics o privats, estarem en pres\u00e8ncia d\u2019aquest risc greu i imminent.<\/p>\n<p>En cas que l\u2019empresari incompleixi la seva obligaci\u00f3, es reconeix el dret dels treballadors i treballadores a paralitzar el treball. (LPRL), art. 21.<\/p>\n<p>Aix\u00ed, si es detecta que les condicions de treball s\u00f3n perilloses, i es presenta una situaci\u00f3 de risc greu i imminent de contagi, els treballadors poden negar-se a treballar.<\/p>\n<p>Perqu\u00e8 un risc pugui ser considerat greu i imminent (LPRL, art. 4.4.), cal que es donin dues condicions:<\/p>\n<p>.- Que l\u2019exposici\u00f3 al risc es produeixi de forma immediata.<\/p>\n<p>.- Que aquesta exposici\u00f3 suposi un dany greu per a la salut dels treballadors i treballadores. No cal per\u00f2 que el dany es manifesti immediatament.<\/p>\n<p>En aquest sentit, per exemple, i segons manifestacions de la pr\u00f2pia Ministra, es considerar com a \u201crisc greu i imminent\u201d l\u2019exposici\u00f3 a la infecci\u00f3 per coronavirus.<\/p>\n<p>La Llei de Prevenci\u00f3 de Riscos Laborals obliga a actuar amb tota contund\u00e8ncia de manera que, si la situaci\u00f3 no es resol immediatament, s\u2019ha de paralitzar el treball.<\/p>\n<p>Davant l\u2019incompliment empresarial, els treballadors poden exercir aquest dret de tres maneres:<\/p>\n<p>.- El mateix treballador o treballadora interromp la seva activitat i abandona el lloc de treball, perqu\u00e8 considera que aquesta activitat comporta un risc greu i imminent.<\/p>\n<p>.- Els representants dels treballadors i treballadores decideixen per majoria paralitzar l\u2019activitat, perqu\u00e8 consideren que l\u2019empresari no compleix les seves obligacions d\u2019adoptar totes les mesures per evitar l\u2019exposici\u00f3.<\/p>\n<p>.- Quan no hi hagi temps per reunir el Comit\u00e8 d\u2019Empresa, els delegats i les delegades de prevenci\u00f3 poden acordar per majoria la paralitzaci\u00f3 de l\u2019activitat.<\/p>\n<p>En aquests dos \u00faltims casos, l\u2019acord de paralitzaci\u00f3 ha de ser comunicat immediatament a l\u2019empresa i a l\u2019autoritat laboral, la qual la ratificar\u00e0 o anul\u00b7lar\u00e0 en 24 hores.<\/p>\n<p>L\u2019article 13. del Reial Decret legislatiu 5\/2000, de 4 d\u2019agost, pel qual s\u2019aprova el text ref\u00f3s de la Llei sobre Infraccions i Sancions en l\u2019Ordre Social, considera una infracci\u00f3 molt greu realitzar accions o omissions que impedeixin l'exercici de el dret dels treballadors a paralitzar la seva activitat en els casos de risc greu i imminent, en els termes que preveu l'article 21 de la Llei de Prevenci\u00f3 de Riscos Laborals. Aquesta infracci\u00f3 porta aparellada una sanci\u00f3 de multa de entre 40.986, si s\u2019aplica la sanci\u00f3 m\u00ednima en grau m\u00ednim, fins 819.780 euros, si s\u2019imposa la sanci\u00f3 m\u00e0xima en grau m\u00e0xim.<\/p>\n<p>Per contra, nom\u00e9s podran ser sancionats els treballadors i treballadores o els seus representants que hagin intervingut si es demostra mala fe o neglig\u00e8ncia greu per part seva.<\/p>\n<p><strong>Meritxell Estiarte Garrof\u00e9<\/strong><\/p>\n<p>Advocada<\/p>\n<p>Despatx Sime\u00f3 Miquel<\/p>\n","protected":false},"excerpt":{"rendered":"<p>L\u2019article 21 de la Llei 31\/1995, de 8 de novembre, de prevenci\u00f3 de riscos laborals preveu que davant d\u2019una situaci\u00f3...<\/p>\n","protected":false},"author":1,"featured_media":1323,"comment_status":"closed","ping_status":"closed","sticky":false,"template":"","format":"standard","meta":{"_acf_changed":false,"inline_featured_image":false,"footnotes":""},"categories":[28],"tags":[],"class_list":["post-1322","post","type-post","status-publish","format-standard","has-post-thumbnail","hentry","category-opinion"],"acf":[],"yoast_head":"<!-- This site is optimized with the Yoast SEO plugin v27.5 - https:\/\/yoast.com\/product\/yoast-seo-wordpress\/ -->\n<title>Obligaci\u00f3 de l\u2019ocupador de facilitar equips de protecci\u00f3 i possibilitat d\u2019actuaci\u00f3 en cas de mancan\u00e7a - Col\u00b7legi Oficial de Metges de Lleida<\/title>\n<meta name=\"robots\" content=\"index, follow, max-snippet:-1, max-image-preview:large, max-video-preview:-1\" \/>\n<link rel=\"canonical\" href=\"https:\/\/www.comll.cat\/es\/obligacio-de-locupador-de-facilitar-equips-de-proteccio-i-possibilitat-dactuacio-en-cas-de-mancanca\/\" \/>\n<meta property=\"og:locale\" content=\"es_ES\" \/>\n<meta property=\"og:type\" content=\"article\" \/>\n<meta property=\"og:title\" content=\"Obligaci\u00f3 de l\u2019ocupador de facilitar equips de protecci\u00f3 i possibilitat d\u2019actuaci\u00f3 en cas de mancan\u00e7a - Col\u00b7legi Oficial de Metges de Lleida\" \/>\n<meta property=\"og:description\" content=\"L\u2019article 21 de la Llei 31\/1995, de 8 de novembre, de prevenci\u00f3 de riscos laborals preveu que davant d\u2019una situaci\u00f3...\" \/>\n<meta property=\"og:url\" content=\"https:\/\/www.comll.cat\/es\/obligacio-de-locupador-de-facilitar-equips-de-proteccio-i-possibilitat-dactuacio-en-cas-de-mancanca\/\" \/>\n<meta property=\"og:site_name\" content=\"Col\u00b7legi Oficial de Metges de Lleida\" \/>\n<meta property=\"article:published_time\" content=\"2020-06-03T08:35:13+00:00\" \/>\n<meta property=\"article:modified_time\" content=\"2022-03-29T17:35:09+00:00\" \/>\n<meta property=\"og:image\" content=\"https:\/\/www.comll.cat\/es\/wp-content\/uploads\/sites\/3\/epi2.jpg\" \/>\n\t<meta property=\"og:image:width\" content=\"3000\" \/>\n\t<meta property=\"og:image:height\" content=\"2237\" \/>\n\t<meta property=\"og:image:type\" content=\"image\/jpeg\" \/>\n<meta name=\"author\" content=\"Albert\" \/>\n<meta name=\"twitter:card\" content=\"summary_large_image\" \/>\n<script type=\"application\/ld+json\" class=\"yoast-schema-graph\">{\"@context\":\"https:\\\/\\\/schema.org\",\"@graph\":[{\"@type\":\"Article\",\"@id\":\"https:\\\/\\\/www.comll.cat\\\/es\\\/obligacio-de-locupador-de-facilitar-equips-de-proteccio-i-possibilitat-dactuacio-en-cas-de-mancanca\\\/#article\",\"isPartOf\":{\"@id\":\"https:\\\/\\\/www.comll.cat\\\/es\\\/obligacio-de-locupador-de-facilitar-equips-de-proteccio-i-possibilitat-dactuacio-en-cas-de-mancanca\\\/\"},\"author\":{\"name\":\"Albert\",\"@id\":\"https:\\\/\\\/www.comll.cat\\\/es\\\/#\\\/schema\\\/person\\\/1c7bc4d83b35a927d680cfe0ec9120e0\"},\"headline\":\"Obligaci\u00f3 de l\u2019ocupador de facilitar equips de protecci\u00f3 i possibilitat d\u2019actuaci\u00f3 en cas de mancan\u00e7a\",\"datePublished\":\"2020-06-03T08:35:13+00:00\",\"dateModified\":\"2022-03-29T17:35:09+00:00\",\"mainEntityOfPage\":{\"@id\":\"https:\\\/\\\/www.comll.cat\\\/es\\\/obligacio-de-locupador-de-facilitar-equips-de-proteccio-i-possibilitat-dactuacio-en-cas-de-mancanca\\\/\"},\"wordCount\":548,\"image\":{\"@id\":\"https:\\\/\\\/www.comll.cat\\\/es\\\/obligacio-de-locupador-de-facilitar-equips-de-proteccio-i-possibilitat-dactuacio-en-cas-de-mancanca\\\/#primaryimage\"},\"thumbnailUrl\":\"https:\\\/\\\/www.comll.cat\\\/es\\\/wp-content\\\/uploads\\\/sites\\\/3\\\/epi2.jpg\",\"articleSection\":[\"Opini\u00f3n\"],\"inLanguage\":\"es\"},{\"@type\":\"WebPage\",\"@id\":\"https:\\\/\\\/www.comll.cat\\\/es\\\/obligacio-de-locupador-de-facilitar-equips-de-proteccio-i-possibilitat-dactuacio-en-cas-de-mancanca\\\/\",\"url\":\"https:\\\/\\\/www.comll.cat\\\/es\\\/obligacio-de-locupador-de-facilitar-equips-de-proteccio-i-possibilitat-dactuacio-en-cas-de-mancanca\\\/\",\"name\":\"Obligaci\u00f3 de l\u2019ocupador de facilitar equips de protecci\u00f3 i possibilitat d\u2019actuaci\u00f3 en cas de mancan\u00e7a - Col\u00b7legi Oficial de Metges de Lleida\",\"isPartOf\":{\"@id\":\"https:\\\/\\\/www.comll.cat\\\/es\\\/#website\"},\"primaryImageOfPage\":{\"@id\":\"https:\\\/\\\/www.comll.cat\\\/es\\\/obligacio-de-locupador-de-facilitar-equips-de-proteccio-i-possibilitat-dactuacio-en-cas-de-mancanca\\\/#primaryimage\"},\"image\":{\"@id\":\"https:\\\/\\\/www.comll.cat\\\/es\\\/obligacio-de-locupador-de-facilitar-equips-de-proteccio-i-possibilitat-dactuacio-en-cas-de-mancanca\\\/#primaryimage\"},\"thumbnailUrl\":\"https:\\\/\\\/www.comll.cat\\\/es\\\/wp-content\\\/uploads\\\/sites\\\/3\\\/epi2.jpg\",\"datePublished\":\"2020-06-03T08:35:13+00:00\",\"dateModified\":\"2022-03-29T17:35:09+00:00\",\"author\":{\"@id\":\"https:\\\/\\\/www.comll.cat\\\/es\\\/#\\\/schema\\\/person\\\/1c7bc4d83b35a927d680cfe0ec9120e0\"},\"breadcrumb\":{\"@id\":\"https:\\\/\\\/www.comll.cat\\\/es\\\/obligacio-de-locupador-de-facilitar-equips-de-proteccio-i-possibilitat-dactuacio-en-cas-de-mancanca\\\/#breadcrumb\"},\"inLanguage\":\"es\",\"potentialAction\":[{\"@type\":\"ReadAction\",\"target\":[\"https:\\\/\\\/www.comll.cat\\\/es\\\/obligacio-de-locupador-de-facilitar-equips-de-proteccio-i-possibilitat-dactuacio-en-cas-de-mancanca\\\/\"]}]},{\"@type\":\"ImageObject\",\"inLanguage\":\"es\",\"@id\":\"https:\\\/\\\/www.comll.cat\\\/es\\\/obligacio-de-locupador-de-facilitar-equips-de-proteccio-i-possibilitat-dactuacio-en-cas-de-mancanca\\\/#primaryimage\",\"url\":\"https:\\\/\\\/www.comll.cat\\\/es\\\/wp-content\\\/uploads\\\/sites\\\/3\\\/epi2.jpg\",\"contentUrl\":\"https:\\\/\\\/www.comll.cat\\\/es\\\/wp-content\\\/uploads\\\/sites\\\/3\\\/epi2.jpg\",\"width\":3000,\"height\":2237},{\"@type\":\"BreadcrumbList\",\"@id\":\"https:\\\/\\\/www.comll.cat\\\/es\\\/obligacio-de-locupador-de-facilitar-equips-de-proteccio-i-possibilitat-dactuacio-en-cas-de-mancanca\\\/#breadcrumb\",\"itemListElement\":[{\"@type\":\"ListItem\",\"position\":1,\"name\":\"Portada\",\"item\":\"https:\\\/\\\/www.comll.cat\\\/es\\\/\"},{\"@type\":\"ListItem\",\"position\":2,\"name\":\"Obligaci\u00f3 de l\u2019ocupador de facilitar equips de protecci\u00f3 i possibilitat d\u2019actuaci\u00f3 en cas de mancan\u00e7a\"}]},{\"@type\":\"WebSite\",\"@id\":\"https:\\\/\\\/www.comll.cat\\\/es\\\/#website\",\"url\":\"https:\\\/\\\/www.comll.cat\\\/es\\\/\",\"name\":\"Col\u00b7legi Oficial de Metges de Lleida\",\"description\":\"COMLL\",\"potentialAction\":[{\"@type\":\"SearchAction\",\"target\":{\"@type\":\"EntryPoint\",\"urlTemplate\":\"https:\\\/\\\/www.comll.cat\\\/es\\\/?s={search_term_string}\"},\"query-input\":{\"@type\":\"PropertyValueSpecification\",\"valueRequired\":true,\"valueName\":\"search_term_string\"}}],\"inLanguage\":\"es\"},{\"@type\":\"Person\",\"@id\":\"https:\\\/\\\/www.comll.cat\\\/es\\\/#\\\/schema\\\/person\\\/1c7bc4d83b35a927d680cfe0ec9120e0\",\"name\":\"Albert\",\"image\":{\"@type\":\"ImageObject\",\"inLanguage\":\"es\",\"@id\":\"https:\\\/\\\/secure.gravatar.com\\\/avatar\\\/c1261138a5e7882394bd9001104fe7078a2d860997555a5353af4ef7bd38f6db?s=96&d=mm&r=g\",\"url\":\"https:\\\/\\\/secure.gravatar.com\\\/avatar\\\/c1261138a5e7882394bd9001104fe7078a2d860997555a5353af4ef7bd38f6db?s=96&d=mm&r=g\",\"contentUrl\":\"https:\\\/\\\/secure.gravatar.com\\\/avatar\\\/c1261138a5e7882394bd9001104fe7078a2d860997555a5353af4ef7bd38f6db?s=96&d=mm&r=g\",\"caption\":\"Albert\"},\"sameAs\":[\"https:\\\/\\\/www.comll.cat\"]}]}<\/script>\n<!-- \/ Yoast SEO plugin. -->","yoast_head_json":{"title":"Obligaci\u00f3 de l\u2019ocupador de facilitar equips de protecci\u00f3 i possibilitat d\u2019actuaci\u00f3 en cas de mancan\u00e7a - Col\u00b7legi Oficial de Metges de Lleida","robots":{"index":"index","follow":"follow","max-snippet":"max-snippet:-1","max-image-preview":"max-image-preview:large","max-video-preview":"max-video-preview:-1"},"canonical":"https:\/\/www.comll.cat\/es\/obligacio-de-locupador-de-facilitar-equips-de-proteccio-i-possibilitat-dactuacio-en-cas-de-mancanca\/","og_locale":"es_ES","og_type":"article","og_title":"Obligaci\u00f3 de l\u2019ocupador de facilitar equips de protecci\u00f3 i possibilitat d\u2019actuaci\u00f3 en cas de mancan\u00e7a - Col\u00b7legi Oficial de Metges de Lleida","og_description":"L\u2019article 21 de la Llei 31\/1995, de 8 de novembre, de prevenci\u00f3 de riscos laborals preveu que davant d\u2019una situaci\u00f3...","og_url":"https:\/\/www.comll.cat\/es\/obligacio-de-locupador-de-facilitar-equips-de-proteccio-i-possibilitat-dactuacio-en-cas-de-mancanca\/","og_site_name":"Col\u00b7legi Oficial de Metges de Lleida","article_published_time":"2020-06-03T08:35:13+00:00","article_modified_time":"2022-03-29T17:35:09+00:00","og_image":[{"width":3000,"height":2237,"url":"https:\/\/www.comll.cat\/es\/wp-content\/uploads\/sites\/3\/epi2.jpg","type":"image\/jpeg"}],"author":"Albert","twitter_card":"summary_large_image","schema":{"@context":"https:\/\/schema.org","@graph":[{"@type":"Article","@id":"https:\/\/www.comll.cat\/es\/obligacio-de-locupador-de-facilitar-equips-de-proteccio-i-possibilitat-dactuacio-en-cas-de-mancanca\/#article","isPartOf":{"@id":"https:\/\/www.comll.cat\/es\/obligacio-de-locupador-de-facilitar-equips-de-proteccio-i-possibilitat-dactuacio-en-cas-de-mancanca\/"},"author":{"name":"Albert","@id":"https:\/\/www.comll.cat\/es\/#\/schema\/person\/1c7bc4d83b35a927d680cfe0ec9120e0"},"headline":"Obligaci\u00f3 de l\u2019ocupador de facilitar equips de protecci\u00f3 i possibilitat d\u2019actuaci\u00f3 en cas de mancan\u00e7a","datePublished":"2020-06-03T08:35:13+00:00","dateModified":"2022-03-29T17:35:09+00:00","mainEntityOfPage":{"@id":"https:\/\/www.comll.cat\/es\/obligacio-de-locupador-de-facilitar-equips-de-proteccio-i-possibilitat-dactuacio-en-cas-de-mancanca\/"},"wordCount":548,"image":{"@id":"https:\/\/www.comll.cat\/es\/obligacio-de-locupador-de-facilitar-equips-de-proteccio-i-possibilitat-dactuacio-en-cas-de-mancanca\/#primaryimage"},"thumbnailUrl":"https:\/\/www.comll.cat\/es\/wp-content\/uploads\/sites\/3\/epi2.jpg","articleSection":["Opini\u00f3n"],"inLanguage":"es"},{"@type":"WebPage","@id":"https:\/\/www.comll.cat\/es\/obligacio-de-locupador-de-facilitar-equips-de-proteccio-i-possibilitat-dactuacio-en-cas-de-mancanca\/","url":"https:\/\/www.comll.cat\/es\/obligacio-de-locupador-de-facilitar-equips-de-proteccio-i-possibilitat-dactuacio-en-cas-de-mancanca\/","name":"Obligaci\u00f3 de l\u2019ocupador de facilitar equips de protecci\u00f3 i possibilitat d\u2019actuaci\u00f3 en cas de mancan\u00e7a - Col\u00b7legi Oficial de Metges de Lleida","isPartOf":{"@id":"https:\/\/www.comll.cat\/es\/#website"},"primaryImageOfPage":{"@id":"https:\/\/www.comll.cat\/es\/obligacio-de-locupador-de-facilitar-equips-de-proteccio-i-possibilitat-dactuacio-en-cas-de-mancanca\/#primaryimage"},"image":{"@id":"https:\/\/www.comll.cat\/es\/obligacio-de-locupador-de-facilitar-equips-de-proteccio-i-possibilitat-dactuacio-en-cas-de-mancanca\/#primaryimage"},"thumbnailUrl":"https:\/\/www.comll.cat\/es\/wp-content\/uploads\/sites\/3\/epi2.jpg","datePublished":"2020-06-03T08:35:13+00:00","dateModified":"2022-03-29T17:35:09+00:00","author":{"@id":"https:\/\/www.comll.cat\/es\/#\/schema\/person\/1c7bc4d83b35a927d680cfe0ec9120e0"},"breadcrumb":{"@id":"https:\/\/www.comll.cat\/es\/obligacio-de-locupador-de-facilitar-equips-de-proteccio-i-possibilitat-dactuacio-en-cas-de-mancanca\/#breadcrumb"},"inLanguage":"es","potentialAction":[{"@type":"ReadAction","target":["https:\/\/www.comll.cat\/es\/obligacio-de-locupador-de-facilitar-equips-de-proteccio-i-possibilitat-dactuacio-en-cas-de-mancanca\/"]}]},{"@type":"ImageObject","inLanguage":"es","@id":"https:\/\/www.comll.cat\/es\/obligacio-de-locupador-de-facilitar-equips-de-proteccio-i-possibilitat-dactuacio-en-cas-de-mancanca\/#primaryimage","url":"https:\/\/www.comll.cat\/es\/wp-content\/uploads\/sites\/3\/epi2.jpg","contentUrl":"https:\/\/www.comll.cat\/es\/wp-content\/uploads\/sites\/3\/epi2.jpg","width":3000,"height":2237},{"@type":"BreadcrumbList","@id":"https:\/\/www.comll.cat\/es\/obligacio-de-locupador-de-facilitar-equips-de-proteccio-i-possibilitat-dactuacio-en-cas-de-mancanca\/#breadcrumb","itemListElement":[{"@type":"ListItem","position":1,"name":"Portada","item":"https:\/\/www.comll.cat\/es\/"},{"@type":"ListItem","position":2,"name":"Obligaci\u00f3 de l\u2019ocupador de facilitar equips de protecci\u00f3 i possibilitat d\u2019actuaci\u00f3 en cas de mancan\u00e7a"}]},{"@type":"WebSite","@id":"https:\/\/www.comll.cat\/es\/#website","url":"https:\/\/www.comll.cat\/es\/","name":"Col\u00b7legi Oficial de Metges de Lleida","description":"COMLL","potentialAction":[{"@type":"SearchAction","target":{"@type":"EntryPoint","urlTemplate":"https:\/\/www.comll.cat\/es\/?s={search_term_string}"},"query-input":{"@type":"PropertyValueSpecification","valueRequired":true,"valueName":"search_term_string"}}],"inLanguage":"es"},{"@type":"Person","@id":"https:\/\/www.comll.cat\/es\/#\/schema\/person\/1c7bc4d83b35a927d680cfe0ec9120e0","name":"Albert","image":{"@type":"ImageObject","inLanguage":"es","@id":"https:\/\/secure.gravatar.com\/avatar\/c1261138a5e7882394bd9001104fe7078a2d860997555a5353af4ef7bd38f6db?s=96&d=mm&r=g","url":"https:\/\/secure.gravatar.com\/avatar\/c1261138a5e7882394bd9001104fe7078a2d860997555a5353af4ef7bd38f6db?s=96&d=mm&r=g","contentUrl":"https:\/\/secure.gravatar.com\/avatar\/c1261138a5e7882394bd9001104fe7078a2d860997555a5353af4ef7bd38f6db?s=96&d=mm&r=g","caption":"Albert"},"sameAs":["https:\/\/www.comll.cat"]}]}},"publishpress_future_action":{"enabled":false,"date":"2026-05-01 10:43:47","action":"change-status","newStatus":"draft","terms":[],"taxonomy":"category","extraData":[]},"publishpress_future_workflow_manual_trigger":{"enabledWorkflows":[]},"_links":{"self":[{"href":"https:\/\/www.comll.cat\/es\/wp-json\/wp\/v2\/posts\/1322","targetHints":{"allow":["GET"]}}],"collection":[{"href":"https:\/\/www.comll.cat\/es\/wp-json\/wp\/v2\/posts"}],"about":[{"href":"https:\/\/www.comll.cat\/es\/wp-json\/wp\/v2\/types\/post"}],"author":[{"embeddable":true,"href":"https:\/\/www.comll.cat\/es\/wp-json\/wp\/v2\/users\/1"}],"replies":[{"embeddable":true,"href":"https:\/\/www.comll.cat\/es\/wp-json\/wp\/v2\/comments?post=1322"}],"version-history":[{"count":0,"href":"https:\/\/www.comll.cat\/es\/wp-json\/wp\/v2\/posts\/1322\/revisions"}],"wp:featuredmedia":[{"embeddable":true,"href":"https:\/\/www.comll.cat\/es\/wp-json\/wp\/v2\/media\/1323"}],"wp:attachment":[{"href":"https:\/\/www.comll.cat\/es\/wp-json\/wp\/v2\/media?parent=1322"}],"wp:term":[{"taxonomy":"category","embeddable":true,"href":"https:\/\/www.comll.cat\/es\/wp-json\/wp\/v2\/categories?post=1322"},{"taxonomy":"post_tag","embeddable":true,"href":"https:\/\/www.comll.cat\/es\/wp-json\/wp\/v2\/tags?post=1322"}],"curies":[{"name":"wp","href":"https:\/\/api.w.org\/{rel}","templated":true}]}}