{"id":1256,"date":"2020-04-14T16:40:17","date_gmt":"2020-04-14T14:40:17","guid":{"rendered":"https:\/\/www.comll.cat\/el-consell-de-collegis-de-metges-despanya-es-personara-com-acusacio-particular-contra-josep-pamies\/"},"modified":"2020-04-14T16:40:17","modified_gmt":"2020-04-14T14:40:17","slug":"el-consell-de-collegis-de-metges-despanya-es-personara-com-acusacio-particular-contra-josep-pamies","status":"publish","type":"post","link":"https:\/\/www.comll.cat\/es\/el-consell-de-collegis-de-metges-despanya-es-personara-com-acusacio-particular-contra-josep-pamies\/","title":{"rendered":"El Consell de Col\u00b7legis de Metges d\u2019Espanya es personar\u00e0 com acusaci\u00f3 particular contra Josep P\u00e0mies"},"content":{"rendered":"<p><img loading=\"lazy\" decoding=\"async\" class=\"alignnone size-medium wp-image-23112\" src=\"https:\/\/www.comll.cat\/wp-content\/uploads\/sites\/3\/coronavirus-3-300x162.jpg\" alt=\"Coronavirus 3\" width=\"300\" height=\"162\" \/><\/p>\n<p>El Consell General de Col\u00b7legis Oficials de Metges d\u2019Espanya (CGCOM) es personar\u00e0 com acusaci\u00f3 particular contra Josep P\u00e0mies i <em>Dol\u00e7a Revoluci\u00f3<\/em> pels seus missatges que afirmen que el producte Miracle Mineral Production (MMS), composat per clorit de sodi, cura la infecci\u00f3 per coronavirus. El Consell de Col\u00b7legis de Metges de Catalunya CCMC va presentar el 3 d\u2019abril una den\u00fancia contra P\u00e0mies davant la Fiscalia del Tribunal Superior de Just\u00edcia de Catalunya.<\/p>\n<p>El CGCOM considera que les afirmacions de P\u00e0mies, difoses a trav\u00e9s de diverses webs, constitueixen \u201cun atemptat contra la salut p\u00fablica, un acte d\u2019intrusisme professional i publicitat il\u00b7l\u00edcita i publicitat enganyosa, que posa greument en risc la salut dels ciutadans i dels pacients\u201d. En aquest sentit, informa que el clorit de sodi \u00e9s un gas irrigant respiratori i ocular sever que pot causar n\u00e0usees, diarrees i deshidrataci\u00f3. \u201cS\u2019han descrit casos d\u2019efectes adversos molt greus com metahemoglobin\u00e8mia i frac\u00e0s renal agut i algun cas de mort\u201d, segons el Consell.<\/p>\n<p>A Espanya i a Europa est\u00e0 prohibida la comercialitzaci\u00f3 del MMS per a \u00fas hum\u00e0.<\/p>\n","protected":false},"excerpt":{"rendered":"<p>El Consell General de Col\u00b7legis Oficials de Metges d\u2019Espanya (CGCOM) es personar\u00e0 com acusaci\u00f3 particular contra Josep P\u00e0mies i Dol\u00e7a...<\/p>\n","protected":false},"author":1,"featured_media":1257,"comment_status":"closed","ping_status":"closed","sticky":false,"template":"","format":"standard","meta":{"_acf_changed":false,"inline_featured_image":false,"footnotes":""},"categories":[18],"tags":[],"class_list":["post-1256","post","type-post","status-publish","format-standard","has-post-thumbnail","hentry","category-noticias"],"acf":[],"yoast_head":"<!-- This site is optimized with the Yoast SEO plugin v27.5 - https:\/\/yoast.com\/product\/yoast-seo-wordpress\/ -->\n<title>El Consell de Col\u00b7legis de Metges d\u2019Espanya es personar\u00e0 com acusaci\u00f3 particular contra Josep P\u00e0mies - Col\u00b7legi Oficial de Metges de Lleida<\/title>\n<meta name=\"robots\" content=\"index, follow, max-snippet:-1, max-image-preview:large, max-video-preview:-1\" \/>\n<link rel=\"canonical\" href=\"https:\/\/www.comll.cat\/es\/el-consell-de-collegis-de-metges-despanya-es-personara-com-acusacio-particular-contra-josep-pamies\/\" \/>\n<meta property=\"og:locale\" content=\"es_ES\" \/>\n<meta property=\"og:type\" content=\"article\" \/>\n<meta property=\"og:title\" content=\"El Consell de Col\u00b7legis de Metges d\u2019Espanya es personar\u00e0 com acusaci\u00f3 particular contra Josep P\u00e0mies - Col\u00b7legi Oficial de Metges de Lleida\" \/>\n<meta property=\"og:description\" content=\"El Consell General de Col\u00b7legis Oficials de Metges d\u2019Espanya (CGCOM) es personar\u00e0 com acusaci\u00f3 particular contra Josep P\u00e0mies i Dol\u00e7a...\" \/>\n<meta property=\"og:url\" content=\"https:\/\/www.comll.cat\/es\/el-consell-de-collegis-de-metges-despanya-es-personara-com-acusacio-particular-contra-josep-pamies\/\" \/>\n<meta property=\"og:site_name\" content=\"Col\u00b7legi Oficial de Metges de Lleida\" \/>\n<meta property=\"article:published_time\" content=\"2020-04-14T14:40:17+00:00\" \/>\n<meta property=\"og:image\" content=\"https:\/\/www.comll.cat\/es\/wp-content\/uploads\/sites\/3\/coronavirus-3.jpg\" \/>\n\t<meta property=\"og:image:width\" content=\"626\" \/>\n\t<meta property=\"og:image:height\" content=\"337\" \/>\n\t<meta property=\"og:image:type\" content=\"image\/jpeg\" \/>\n<meta name=\"author\" content=\"Albert\" \/>\n<meta name=\"twitter:card\" content=\"summary_large_image\" \/>\n<script type=\"application\/ld+json\" class=\"yoast-schema-graph\">{\"@context\":\"https:\\\/\\\/schema.org\",\"@graph\":[{\"@type\":\"Article\",\"@id\":\"https:\\\/\\\/www.comll.cat\\\/es\\\/el-consell-de-collegis-de-metges-despanya-es-personara-com-acusacio-particular-contra-josep-pamies\\\/#article\",\"isPartOf\":{\"@id\":\"https:\\\/\\\/www.comll.cat\\\/es\\\/el-consell-de-collegis-de-metges-despanya-es-personara-com-acusacio-particular-contra-josep-pamies\\\/\"},\"author\":{\"name\":\"Albert\",\"@id\":\"https:\\\/\\\/www.comll.cat\\\/es\\\/#\\\/schema\\\/person\\\/1c7bc4d83b35a927d680cfe0ec9120e0\"},\"headline\":\"El Consell de Col\u00b7legis de Metges d\u2019Espanya es personar\u00e0 com acusaci\u00f3 particular contra Josep P\u00e0mies\",\"datePublished\":\"2020-04-14T14:40:17+00:00\",\"mainEntityOfPage\":{\"@id\":\"https:\\\/\\\/www.comll.cat\\\/es\\\/el-consell-de-collegis-de-metges-despanya-es-personara-com-acusacio-particular-contra-josep-pamies\\\/\"},\"wordCount\":211,\"image\":{\"@id\":\"https:\\\/\\\/www.comll.cat\\\/es\\\/el-consell-de-collegis-de-metges-despanya-es-personara-com-acusacio-particular-contra-josep-pamies\\\/#primaryimage\"},\"thumbnailUrl\":\"https:\\\/\\\/www.comll.cat\\\/es\\\/wp-content\\\/uploads\\\/sites\\\/3\\\/coronavirus-3.jpg\",\"articleSection\":[\"Noticias\"],\"inLanguage\":\"es\"},{\"@type\":\"WebPage\",\"@id\":\"https:\\\/\\\/www.comll.cat\\\/es\\\/el-consell-de-collegis-de-metges-despanya-es-personara-com-acusacio-particular-contra-josep-pamies\\\/\",\"url\":\"https:\\\/\\\/www.comll.cat\\\/es\\\/el-consell-de-collegis-de-metges-despanya-es-personara-com-acusacio-particular-contra-josep-pamies\\\/\",\"name\":\"El Consell de Col\u00b7legis de Metges d\u2019Espanya es personar\u00e0 com acusaci\u00f3 particular contra Josep P\u00e0mies - Col\u00b7legi Oficial de Metges de Lleida\",\"isPartOf\":{\"@id\":\"https:\\\/\\\/www.comll.cat\\\/es\\\/#website\"},\"primaryImageOfPage\":{\"@id\":\"https:\\\/\\\/www.comll.cat\\\/es\\\/el-consell-de-collegis-de-metges-despanya-es-personara-com-acusacio-particular-contra-josep-pamies\\\/#primaryimage\"},\"image\":{\"@id\":\"https:\\\/\\\/www.comll.cat\\\/es\\\/el-consell-de-collegis-de-metges-despanya-es-personara-com-acusacio-particular-contra-josep-pamies\\\/#primaryimage\"},\"thumbnailUrl\":\"https:\\\/\\\/www.comll.cat\\\/es\\\/wp-content\\\/uploads\\\/sites\\\/3\\\/coronavirus-3.jpg\",\"datePublished\":\"2020-04-14T14:40:17+00:00\",\"author\":{\"@id\":\"https:\\\/\\\/www.comll.cat\\\/es\\\/#\\\/schema\\\/person\\\/1c7bc4d83b35a927d680cfe0ec9120e0\"},\"breadcrumb\":{\"@id\":\"https:\\\/\\\/www.comll.cat\\\/es\\\/el-consell-de-collegis-de-metges-despanya-es-personara-com-acusacio-particular-contra-josep-pamies\\\/#breadcrumb\"},\"inLanguage\":\"es\",\"potentialAction\":[{\"@type\":\"ReadAction\",\"target\":[\"https:\\\/\\\/www.comll.cat\\\/es\\\/el-consell-de-collegis-de-metges-despanya-es-personara-com-acusacio-particular-contra-josep-pamies\\\/\"]}]},{\"@type\":\"ImageObject\",\"inLanguage\":\"es\",\"@id\":\"https:\\\/\\\/www.comll.cat\\\/es\\\/el-consell-de-collegis-de-metges-despanya-es-personara-com-acusacio-particular-contra-josep-pamies\\\/#primaryimage\",\"url\":\"https:\\\/\\\/www.comll.cat\\\/es\\\/wp-content\\\/uploads\\\/sites\\\/3\\\/coronavirus-3.jpg\",\"contentUrl\":\"https:\\\/\\\/www.comll.cat\\\/es\\\/wp-content\\\/uploads\\\/sites\\\/3\\\/coronavirus-3.jpg\",\"width\":626,\"height\":337},{\"@type\":\"BreadcrumbList\",\"@id\":\"https:\\\/\\\/www.comll.cat\\\/es\\\/el-consell-de-collegis-de-metges-despanya-es-personara-com-acusacio-particular-contra-josep-pamies\\\/#breadcrumb\",\"itemListElement\":[{\"@type\":\"ListItem\",\"position\":1,\"name\":\"Portada\",\"item\":\"https:\\\/\\\/www.comll.cat\\\/es\\\/\"},{\"@type\":\"ListItem\",\"position\":2,\"name\":\"El Consell de Col\u00b7legis de Metges d\u2019Espanya es personar\u00e0 com acusaci\u00f3 particular contra Josep P\u00e0mies\"}]},{\"@type\":\"WebSite\",\"@id\":\"https:\\\/\\\/www.comll.cat\\\/es\\\/#website\",\"url\":\"https:\\\/\\\/www.comll.cat\\\/es\\\/\",\"name\":\"Col\u00b7legi Oficial de Metges de Lleida\",\"description\":\"COMLL\",\"potentialAction\":[{\"@type\":\"SearchAction\",\"target\":{\"@type\":\"EntryPoint\",\"urlTemplate\":\"https:\\\/\\\/www.comll.cat\\\/es\\\/?s={search_term_string}\"},\"query-input\":{\"@type\":\"PropertyValueSpecification\",\"valueRequired\":true,\"valueName\":\"search_term_string\"}}],\"inLanguage\":\"es\"},{\"@type\":\"Person\",\"@id\":\"https:\\\/\\\/www.comll.cat\\\/es\\\/#\\\/schema\\\/person\\\/1c7bc4d83b35a927d680cfe0ec9120e0\",\"name\":\"Albert\",\"image\":{\"@type\":\"ImageObject\",\"inLanguage\":\"es\",\"@id\":\"https:\\\/\\\/secure.gravatar.com\\\/avatar\\\/c1261138a5e7882394bd9001104fe7078a2d860997555a5353af4ef7bd38f6db?s=96&d=mm&r=g\",\"url\":\"https:\\\/\\\/secure.gravatar.com\\\/avatar\\\/c1261138a5e7882394bd9001104fe7078a2d860997555a5353af4ef7bd38f6db?s=96&d=mm&r=g\",\"contentUrl\":\"https:\\\/\\\/secure.gravatar.com\\\/avatar\\\/c1261138a5e7882394bd9001104fe7078a2d860997555a5353af4ef7bd38f6db?s=96&d=mm&r=g\",\"caption\":\"Albert\"},\"sameAs\":[\"https:\\\/\\\/www.comll.cat\"]}]}<\/script>\n<!-- \/ Yoast SEO plugin. -->","yoast_head_json":{"title":"El Consell de Col\u00b7legis de Metges d\u2019Espanya es personar\u00e0 com acusaci\u00f3 particular contra Josep P\u00e0mies - Col\u00b7legi Oficial de Metges de Lleida","robots":{"index":"index","follow":"follow","max-snippet":"max-snippet:-1","max-image-preview":"max-image-preview:large","max-video-preview":"max-video-preview:-1"},"canonical":"https:\/\/www.comll.cat\/es\/el-consell-de-collegis-de-metges-despanya-es-personara-com-acusacio-particular-contra-josep-pamies\/","og_locale":"es_ES","og_type":"article","og_title":"El Consell de Col\u00b7legis de Metges d\u2019Espanya es personar\u00e0 com acusaci\u00f3 particular contra Josep P\u00e0mies - Col\u00b7legi Oficial de Metges de Lleida","og_description":"El Consell General de Col\u00b7legis Oficials de Metges d\u2019Espanya (CGCOM) es personar\u00e0 com acusaci\u00f3 particular contra Josep P\u00e0mies i Dol\u00e7a...","og_url":"https:\/\/www.comll.cat\/es\/el-consell-de-collegis-de-metges-despanya-es-personara-com-acusacio-particular-contra-josep-pamies\/","og_site_name":"Col\u00b7legi Oficial de Metges de Lleida","article_published_time":"2020-04-14T14:40:17+00:00","og_image":[{"width":626,"height":337,"url":"https:\/\/www.comll.cat\/es\/wp-content\/uploads\/sites\/3\/coronavirus-3.jpg","type":"image\/jpeg"}],"author":"Albert","twitter_card":"summary_large_image","schema":{"@context":"https:\/\/schema.org","@graph":[{"@type":"Article","@id":"https:\/\/www.comll.cat\/es\/el-consell-de-collegis-de-metges-despanya-es-personara-com-acusacio-particular-contra-josep-pamies\/#article","isPartOf":{"@id":"https:\/\/www.comll.cat\/es\/el-consell-de-collegis-de-metges-despanya-es-personara-com-acusacio-particular-contra-josep-pamies\/"},"author":{"name":"Albert","@id":"https:\/\/www.comll.cat\/es\/#\/schema\/person\/1c7bc4d83b35a927d680cfe0ec9120e0"},"headline":"El Consell de Col\u00b7legis de Metges d\u2019Espanya es personar\u00e0 com acusaci\u00f3 particular contra Josep P\u00e0mies","datePublished":"2020-04-14T14:40:17+00:00","mainEntityOfPage":{"@id":"https:\/\/www.comll.cat\/es\/el-consell-de-collegis-de-metges-despanya-es-personara-com-acusacio-particular-contra-josep-pamies\/"},"wordCount":211,"image":{"@id":"https:\/\/www.comll.cat\/es\/el-consell-de-collegis-de-metges-despanya-es-personara-com-acusacio-particular-contra-josep-pamies\/#primaryimage"},"thumbnailUrl":"https:\/\/www.comll.cat\/es\/wp-content\/uploads\/sites\/3\/coronavirus-3.jpg","articleSection":["Noticias"],"inLanguage":"es"},{"@type":"WebPage","@id":"https:\/\/www.comll.cat\/es\/el-consell-de-collegis-de-metges-despanya-es-personara-com-acusacio-particular-contra-josep-pamies\/","url":"https:\/\/www.comll.cat\/es\/el-consell-de-collegis-de-metges-despanya-es-personara-com-acusacio-particular-contra-josep-pamies\/","name":"El Consell de Col\u00b7legis de Metges d\u2019Espanya es personar\u00e0 com acusaci\u00f3 particular contra Josep P\u00e0mies - Col\u00b7legi Oficial de Metges de Lleida","isPartOf":{"@id":"https:\/\/www.comll.cat\/es\/#website"},"primaryImageOfPage":{"@id":"https:\/\/www.comll.cat\/es\/el-consell-de-collegis-de-metges-despanya-es-personara-com-acusacio-particular-contra-josep-pamies\/#primaryimage"},"image":{"@id":"https:\/\/www.comll.cat\/es\/el-consell-de-collegis-de-metges-despanya-es-personara-com-acusacio-particular-contra-josep-pamies\/#primaryimage"},"thumbnailUrl":"https:\/\/www.comll.cat\/es\/wp-content\/uploads\/sites\/3\/coronavirus-3.jpg","datePublished":"2020-04-14T14:40:17+00:00","author":{"@id":"https:\/\/www.comll.cat\/es\/#\/schema\/person\/1c7bc4d83b35a927d680cfe0ec9120e0"},"breadcrumb":{"@id":"https:\/\/www.comll.cat\/es\/el-consell-de-collegis-de-metges-despanya-es-personara-com-acusacio-particular-contra-josep-pamies\/#breadcrumb"},"inLanguage":"es","potentialAction":[{"@type":"ReadAction","target":["https:\/\/www.comll.cat\/es\/el-consell-de-collegis-de-metges-despanya-es-personara-com-acusacio-particular-contra-josep-pamies\/"]}]},{"@type":"ImageObject","inLanguage":"es","@id":"https:\/\/www.comll.cat\/es\/el-consell-de-collegis-de-metges-despanya-es-personara-com-acusacio-particular-contra-josep-pamies\/#primaryimage","url":"https:\/\/www.comll.cat\/es\/wp-content\/uploads\/sites\/3\/coronavirus-3.jpg","contentUrl":"https:\/\/www.comll.cat\/es\/wp-content\/uploads\/sites\/3\/coronavirus-3.jpg","width":626,"height":337},{"@type":"BreadcrumbList","@id":"https:\/\/www.comll.cat\/es\/el-consell-de-collegis-de-metges-despanya-es-personara-com-acusacio-particular-contra-josep-pamies\/#breadcrumb","itemListElement":[{"@type":"ListItem","position":1,"name":"Portada","item":"https:\/\/www.comll.cat\/es\/"},{"@type":"ListItem","position":2,"name":"El Consell de Col\u00b7legis de Metges d\u2019Espanya es personar\u00e0 com acusaci\u00f3 particular contra Josep P\u00e0mies"}]},{"@type":"WebSite","@id":"https:\/\/www.comll.cat\/es\/#website","url":"https:\/\/www.comll.cat\/es\/","name":"Col\u00b7legi Oficial de Metges de Lleida","description":"COMLL","potentialAction":[{"@type":"SearchAction","target":{"@type":"EntryPoint","urlTemplate":"https:\/\/www.comll.cat\/es\/?s={search_term_string}"},"query-input":{"@type":"PropertyValueSpecification","valueRequired":true,"valueName":"search_term_string"}}],"inLanguage":"es"},{"@type":"Person","@id":"https:\/\/www.comll.cat\/es\/#\/schema\/person\/1c7bc4d83b35a927d680cfe0ec9120e0","name":"Albert","image":{"@type":"ImageObject","inLanguage":"es","@id":"https:\/\/secure.gravatar.com\/avatar\/c1261138a5e7882394bd9001104fe7078a2d860997555a5353af4ef7bd38f6db?s=96&d=mm&r=g","url":"https:\/\/secure.gravatar.com\/avatar\/c1261138a5e7882394bd9001104fe7078a2d860997555a5353af4ef7bd38f6db?s=96&d=mm&r=g","contentUrl":"https:\/\/secure.gravatar.com\/avatar\/c1261138a5e7882394bd9001104fe7078a2d860997555a5353af4ef7bd38f6db?s=96&d=mm&r=g","caption":"Albert"},"sameAs":["https:\/\/www.comll.cat"]}]}},"publishpress_future_action":{"enabled":false,"date":"2026-05-03 13:39:24","action":"change-status","newStatus":"draft","terms":[],"taxonomy":"category","extraData":[]},"publishpress_future_workflow_manual_trigger":{"enabledWorkflows":[]},"_links":{"self":[{"href":"https:\/\/www.comll.cat\/es\/wp-json\/wp\/v2\/posts\/1256","targetHints":{"allow":["GET"]}}],"collection":[{"href":"https:\/\/www.comll.cat\/es\/wp-json\/wp\/v2\/posts"}],"about":[{"href":"https:\/\/www.comll.cat\/es\/wp-json\/wp\/v2\/types\/post"}],"author":[{"embeddable":true,"href":"https:\/\/www.comll.cat\/es\/wp-json\/wp\/v2\/users\/1"}],"replies":[{"embeddable":true,"href":"https:\/\/www.comll.cat\/es\/wp-json\/wp\/v2\/comments?post=1256"}],"version-history":[{"count":0,"href":"https:\/\/www.comll.cat\/es\/wp-json\/wp\/v2\/posts\/1256\/revisions"}],"wp:featuredmedia":[{"embeddable":true,"href":"https:\/\/www.comll.cat\/es\/wp-json\/wp\/v2\/media\/1257"}],"wp:attachment":[{"href":"https:\/\/www.comll.cat\/es\/wp-json\/wp\/v2\/media?parent=1256"}],"wp:term":[{"taxonomy":"category","embeddable":true,"href":"https:\/\/www.comll.cat\/es\/wp-json\/wp\/v2\/categories?post=1256"},{"taxonomy":"post_tag","embeddable":true,"href":"https:\/\/www.comll.cat\/es\/wp-json\/wp\/v2\/tags?post=1256"}],"curies":[{"name":"wp","href":"https:\/\/api.w.org\/{rel}","templated":true}]}}