{"id":1221,"date":"2020-03-31T18:45:55","date_gmt":"2020-03-31T16:45:55","guid":{"rendered":"https:\/\/www.comll.cat\/els-collegis-de-metges-demanen-tenir-veu-en-la-presa-de-decisions-sobre-la-pandemia-de-la-covid-19\/"},"modified":"2020-03-31T18:45:55","modified_gmt":"2020-03-31T16:45:55","slug":"els-collegis-de-metges-demanen-tenir-veu-en-la-presa-de-decisions-sobre-la-pandemia-de-la-covid-19","status":"publish","type":"post","link":"https:\/\/www.comll.cat\/es\/els-collegis-de-metges-demanen-tenir-veu-en-la-presa-de-decisions-sobre-la-pandemia-de-la-covid-19\/","title":{"rendered":"Els col\u00b7legis de metges demanen tenir veu en la presa de decisions sobre la pand\u00e8mia de la COVID-19"},"content":{"rendered":"<p><img loading=\"lazy\" decoding=\"async\" class=\"alignnone size-medium wp-image-22152\" src=\"https:\/\/www.comll.cat\/wp-content\/uploads\/sites\/3\/comll-logo-transparent2-4-300x182.png\" alt=\"COMLL Logo-transparent2\" width=\"300\" height=\"182\" \/><\/p>\n<p>El Consell General de Col\u00b7legis Oficials de Metges d\u2019Espanya (CGCOM) demanda la constituci\u00f3 d\u2019un gavinet de crisi amb la participaci\u00f3 de professionals de la Medicina per prendre decisions sobre la pand\u00e8mia de la COVID-19. \u201cHa arribat el moment que en la presa de mesures sanit\u00e0ries urgents (...) es compti amb els m\u00e9s capacitats i competents\u201d, diu un comunicat del CGCOM fet p\u00fablic avui. El Consell defensa que la veu dels que dia a dia donen \u201csolucions a peu d\u2019obra\u201d coliderin la presa de decisions.<\/p>\n<p>El comunicat <em>Ni un dia m\u00e9s. Ni un test menys<\/em> reclama, un altre cop, que es doti d\u2019equips de protecci\u00f3 individual (EPI) i es facin tests diagn\u00f2stics de forma \u201cperi\u00f2dica i immediat\u201d al personal sanitari. Afegeix que treballar en les actuals condicions afecta la salut psicol\u00f2gica dels professionals\u201d i, per tant, s\u2019han d\u2019establir serveis de suport. En aquest sentit, reclama que la xarxa del Programa d\u2019Atenci\u00f3 Integral al Metge Malalt (PAIMM) sigui reconeguda com d\u2019especial utilitat.<\/p>\n<p>D\u2019altra banda, el CGCOM afirma que la necessitat de capacitat en cures intensives no est\u00e0 afectant a les Comunitats Aut\u00f2nomes amb igual intensitat. Per aquest motiu, \u201cs\u2019ha d\u2019establir amb urg\u00e8ncia plans de cooperaci\u00f3 a nivell nacional sense que aix\u00f2 suposi minvar l\u2019assist\u00e8ncia en cap territori\u201d.<\/p>\n<p>Podeu accedir al comunicat complet, a <a href=\"https:\/\/www.comll.cat\/comunicat-del-consell-general-de-collegis-oficials-de-metges-despanya-cgcom\/\">https:\/\/www.comll.cat\/comunicat-del-consell-general-de-collegis-oficials-de-metges-despanya-cgcom\/<\/a>.<\/p>\n<p>&nbsp;<\/p>\n","protected":false},"excerpt":{"rendered":"<p>El Consell General de Col\u00b7legis Oficials de Metges d\u2019Espanya (CGCOM) demanda la constituci\u00f3 d\u2019un gavinet de crisi amb la participaci\u00f3...<\/p>\n","protected":false},"author":1,"featured_media":1160,"comment_status":"closed","ping_status":"closed","sticky":false,"template":"","format":"standard","meta":{"_acf_changed":false,"inline_featured_image":false,"footnotes":""},"categories":[18],"tags":[],"class_list":["post-1221","post","type-post","status-publish","format-standard","has-post-thumbnail","hentry","category-noticias"],"acf":[],"yoast_head":"<!-- This site is optimized with the Yoast SEO plugin v27.5 - https:\/\/yoast.com\/product\/yoast-seo-wordpress\/ -->\n<title>Els col\u00b7legis de metges demanen tenir veu en la presa de decisions sobre la pand\u00e8mia de la COVID-19 - Col\u00b7legi Oficial de Metges de Lleida<\/title>\n<meta name=\"robots\" content=\"index, follow, max-snippet:-1, max-image-preview:large, max-video-preview:-1\" \/>\n<link rel=\"canonical\" href=\"https:\/\/www.comll.cat\/es\/els-collegis-de-metges-demanen-tenir-veu-en-la-presa-de-decisions-sobre-la-pandemia-de-la-covid-19\/\" \/>\n<meta property=\"og:locale\" content=\"es_ES\" \/>\n<meta property=\"og:type\" content=\"article\" \/>\n<meta property=\"og:title\" content=\"Els col\u00b7legis de metges demanen tenir veu en la presa de decisions sobre la pand\u00e8mia de la COVID-19 - Col\u00b7legi Oficial de Metges de Lleida\" \/>\n<meta property=\"og:description\" content=\"El Consell General de Col\u00b7legis Oficials de Metges d\u2019Espanya (CGCOM) demanda la constituci\u00f3 d\u2019un gavinet de crisi amb la participaci\u00f3...\" \/>\n<meta property=\"og:url\" content=\"https:\/\/www.comll.cat\/es\/els-collegis-de-metges-demanen-tenir-veu-en-la-presa-de-decisions-sobre-la-pandemia-de-la-covid-19\/\" \/>\n<meta property=\"og:site_name\" content=\"Col\u00b7legi Oficial de Metges de Lleida\" \/>\n<meta property=\"article:published_time\" content=\"2020-03-31T16:45:55+00:00\" \/>\n<meta property=\"og:image\" content=\"https:\/\/www.comll.cat\/es\/wp-content\/uploads\/sites\/3\/comll-logo-transparent2-4.png\" \/>\n\t<meta property=\"og:image:width\" content=\"736\" \/>\n\t<meta property=\"og:image:height\" content=\"446\" \/>\n\t<meta property=\"og:image:type\" content=\"image\/png\" \/>\n<meta name=\"author\" content=\"Albert\" \/>\n<meta name=\"twitter:card\" content=\"summary_large_image\" \/>\n<script type=\"application\/ld+json\" class=\"yoast-schema-graph\">{\"@context\":\"https:\\\/\\\/schema.org\",\"@graph\":[{\"@type\":\"Article\",\"@id\":\"https:\\\/\\\/www.comll.cat\\\/es\\\/els-collegis-de-metges-demanen-tenir-veu-en-la-presa-de-decisions-sobre-la-pandemia-de-la-covid-19\\\/#article\",\"isPartOf\":{\"@id\":\"https:\\\/\\\/www.comll.cat\\\/es\\\/els-collegis-de-metges-demanen-tenir-veu-en-la-presa-de-decisions-sobre-la-pandemia-de-la-covid-19\\\/\"},\"author\":{\"name\":\"Albert\",\"@id\":\"https:\\\/\\\/www.comll.cat\\\/es\\\/#\\\/schema\\\/person\\\/1c7bc4d83b35a927d680cfe0ec9120e0\"},\"headline\":\"Els col\u00b7legis de metges demanen tenir veu en la presa de decisions sobre la pand\u00e8mia de la COVID-19\",\"datePublished\":\"2020-03-31T16:45:55+00:00\",\"mainEntityOfPage\":{\"@id\":\"https:\\\/\\\/www.comll.cat\\\/es\\\/els-collegis-de-metges-demanen-tenir-veu-en-la-presa-de-decisions-sobre-la-pandemia-de-la-covid-19\\\/\"},\"wordCount\":260,\"image\":{\"@id\":\"https:\\\/\\\/www.comll.cat\\\/es\\\/els-collegis-de-metges-demanen-tenir-veu-en-la-presa-de-decisions-sobre-la-pandemia-de-la-covid-19\\\/#primaryimage\"},\"thumbnailUrl\":\"https:\\\/\\\/www.comll.cat\\\/es\\\/wp-content\\\/uploads\\\/sites\\\/3\\\/comll-logo-transparent2-4.png\",\"articleSection\":[\"Noticias\"],\"inLanguage\":\"es\"},{\"@type\":\"WebPage\",\"@id\":\"https:\\\/\\\/www.comll.cat\\\/es\\\/els-collegis-de-metges-demanen-tenir-veu-en-la-presa-de-decisions-sobre-la-pandemia-de-la-covid-19\\\/\",\"url\":\"https:\\\/\\\/www.comll.cat\\\/es\\\/els-collegis-de-metges-demanen-tenir-veu-en-la-presa-de-decisions-sobre-la-pandemia-de-la-covid-19\\\/\",\"name\":\"Els col\u00b7legis de metges demanen tenir veu en la presa de decisions sobre la pand\u00e8mia de la COVID-19 - Col\u00b7legi Oficial de Metges de Lleida\",\"isPartOf\":{\"@id\":\"https:\\\/\\\/www.comll.cat\\\/es\\\/#website\"},\"primaryImageOfPage\":{\"@id\":\"https:\\\/\\\/www.comll.cat\\\/es\\\/els-collegis-de-metges-demanen-tenir-veu-en-la-presa-de-decisions-sobre-la-pandemia-de-la-covid-19\\\/#primaryimage\"},\"image\":{\"@id\":\"https:\\\/\\\/www.comll.cat\\\/es\\\/els-collegis-de-metges-demanen-tenir-veu-en-la-presa-de-decisions-sobre-la-pandemia-de-la-covid-19\\\/#primaryimage\"},\"thumbnailUrl\":\"https:\\\/\\\/www.comll.cat\\\/es\\\/wp-content\\\/uploads\\\/sites\\\/3\\\/comll-logo-transparent2-4.png\",\"datePublished\":\"2020-03-31T16:45:55+00:00\",\"author\":{\"@id\":\"https:\\\/\\\/www.comll.cat\\\/es\\\/#\\\/schema\\\/person\\\/1c7bc4d83b35a927d680cfe0ec9120e0\"},\"breadcrumb\":{\"@id\":\"https:\\\/\\\/www.comll.cat\\\/es\\\/els-collegis-de-metges-demanen-tenir-veu-en-la-presa-de-decisions-sobre-la-pandemia-de-la-covid-19\\\/#breadcrumb\"},\"inLanguage\":\"es\",\"potentialAction\":[{\"@type\":\"ReadAction\",\"target\":[\"https:\\\/\\\/www.comll.cat\\\/es\\\/els-collegis-de-metges-demanen-tenir-veu-en-la-presa-de-decisions-sobre-la-pandemia-de-la-covid-19\\\/\"]}]},{\"@type\":\"ImageObject\",\"inLanguage\":\"es\",\"@id\":\"https:\\\/\\\/www.comll.cat\\\/es\\\/els-collegis-de-metges-demanen-tenir-veu-en-la-presa-de-decisions-sobre-la-pandemia-de-la-covid-19\\\/#primaryimage\",\"url\":\"https:\\\/\\\/www.comll.cat\\\/es\\\/wp-content\\\/uploads\\\/sites\\\/3\\\/comll-logo-transparent2-4.png\",\"contentUrl\":\"https:\\\/\\\/www.comll.cat\\\/es\\\/wp-content\\\/uploads\\\/sites\\\/3\\\/comll-logo-transparent2-4.png\",\"width\":736,\"height\":446},{\"@type\":\"BreadcrumbList\",\"@id\":\"https:\\\/\\\/www.comll.cat\\\/es\\\/els-collegis-de-metges-demanen-tenir-veu-en-la-presa-de-decisions-sobre-la-pandemia-de-la-covid-19\\\/#breadcrumb\",\"itemListElement\":[{\"@type\":\"ListItem\",\"position\":1,\"name\":\"Portada\",\"item\":\"https:\\\/\\\/www.comll.cat\\\/es\\\/\"},{\"@type\":\"ListItem\",\"position\":2,\"name\":\"Els col\u00b7legis de metges demanen tenir veu en la presa de decisions sobre la pand\u00e8mia de la COVID-19\"}]},{\"@type\":\"WebSite\",\"@id\":\"https:\\\/\\\/www.comll.cat\\\/es\\\/#website\",\"url\":\"https:\\\/\\\/www.comll.cat\\\/es\\\/\",\"name\":\"Col\u00b7legi Oficial de Metges de Lleida\",\"description\":\"COMLL\",\"potentialAction\":[{\"@type\":\"SearchAction\",\"target\":{\"@type\":\"EntryPoint\",\"urlTemplate\":\"https:\\\/\\\/www.comll.cat\\\/es\\\/?s={search_term_string}\"},\"query-input\":{\"@type\":\"PropertyValueSpecification\",\"valueRequired\":true,\"valueName\":\"search_term_string\"}}],\"inLanguage\":\"es\"},{\"@type\":\"Person\",\"@id\":\"https:\\\/\\\/www.comll.cat\\\/es\\\/#\\\/schema\\\/person\\\/1c7bc4d83b35a927d680cfe0ec9120e0\",\"name\":\"Albert\",\"image\":{\"@type\":\"ImageObject\",\"inLanguage\":\"es\",\"@id\":\"https:\\\/\\\/secure.gravatar.com\\\/avatar\\\/c1261138a5e7882394bd9001104fe7078a2d860997555a5353af4ef7bd38f6db?s=96&d=mm&r=g\",\"url\":\"https:\\\/\\\/secure.gravatar.com\\\/avatar\\\/c1261138a5e7882394bd9001104fe7078a2d860997555a5353af4ef7bd38f6db?s=96&d=mm&r=g\",\"contentUrl\":\"https:\\\/\\\/secure.gravatar.com\\\/avatar\\\/c1261138a5e7882394bd9001104fe7078a2d860997555a5353af4ef7bd38f6db?s=96&d=mm&r=g\",\"caption\":\"Albert\"},\"sameAs\":[\"https:\\\/\\\/www.comll.cat\"]}]}<\/script>\n<!-- \/ Yoast SEO plugin. -->","yoast_head_json":{"title":"Els col\u00b7legis de metges demanen tenir veu en la presa de decisions sobre la pand\u00e8mia de la COVID-19 - Col\u00b7legi Oficial de Metges de Lleida","robots":{"index":"index","follow":"follow","max-snippet":"max-snippet:-1","max-image-preview":"max-image-preview:large","max-video-preview":"max-video-preview:-1"},"canonical":"https:\/\/www.comll.cat\/es\/els-collegis-de-metges-demanen-tenir-veu-en-la-presa-de-decisions-sobre-la-pandemia-de-la-covid-19\/","og_locale":"es_ES","og_type":"article","og_title":"Els col\u00b7legis de metges demanen tenir veu en la presa de decisions sobre la pand\u00e8mia de la COVID-19 - Col\u00b7legi Oficial de Metges de Lleida","og_description":"El Consell General de Col\u00b7legis Oficials de Metges d\u2019Espanya (CGCOM) demanda la constituci\u00f3 d\u2019un gavinet de crisi amb la participaci\u00f3...","og_url":"https:\/\/www.comll.cat\/es\/els-collegis-de-metges-demanen-tenir-veu-en-la-presa-de-decisions-sobre-la-pandemia-de-la-covid-19\/","og_site_name":"Col\u00b7legi Oficial de Metges de Lleida","article_published_time":"2020-03-31T16:45:55+00:00","og_image":[{"width":736,"height":446,"url":"https:\/\/www.comll.cat\/es\/wp-content\/uploads\/sites\/3\/comll-logo-transparent2-4.png","type":"image\/png"}],"author":"Albert","twitter_card":"summary_large_image","schema":{"@context":"https:\/\/schema.org","@graph":[{"@type":"Article","@id":"https:\/\/www.comll.cat\/es\/els-collegis-de-metges-demanen-tenir-veu-en-la-presa-de-decisions-sobre-la-pandemia-de-la-covid-19\/#article","isPartOf":{"@id":"https:\/\/www.comll.cat\/es\/els-collegis-de-metges-demanen-tenir-veu-en-la-presa-de-decisions-sobre-la-pandemia-de-la-covid-19\/"},"author":{"name":"Albert","@id":"https:\/\/www.comll.cat\/es\/#\/schema\/person\/1c7bc4d83b35a927d680cfe0ec9120e0"},"headline":"Els col\u00b7legis de metges demanen tenir veu en la presa de decisions sobre la pand\u00e8mia de la COVID-19","datePublished":"2020-03-31T16:45:55+00:00","mainEntityOfPage":{"@id":"https:\/\/www.comll.cat\/es\/els-collegis-de-metges-demanen-tenir-veu-en-la-presa-de-decisions-sobre-la-pandemia-de-la-covid-19\/"},"wordCount":260,"image":{"@id":"https:\/\/www.comll.cat\/es\/els-collegis-de-metges-demanen-tenir-veu-en-la-presa-de-decisions-sobre-la-pandemia-de-la-covid-19\/#primaryimage"},"thumbnailUrl":"https:\/\/www.comll.cat\/es\/wp-content\/uploads\/sites\/3\/comll-logo-transparent2-4.png","articleSection":["Noticias"],"inLanguage":"es"},{"@type":"WebPage","@id":"https:\/\/www.comll.cat\/es\/els-collegis-de-metges-demanen-tenir-veu-en-la-presa-de-decisions-sobre-la-pandemia-de-la-covid-19\/","url":"https:\/\/www.comll.cat\/es\/els-collegis-de-metges-demanen-tenir-veu-en-la-presa-de-decisions-sobre-la-pandemia-de-la-covid-19\/","name":"Els col\u00b7legis de metges demanen tenir veu en la presa de decisions sobre la pand\u00e8mia de la COVID-19 - Col\u00b7legi Oficial de Metges de Lleida","isPartOf":{"@id":"https:\/\/www.comll.cat\/es\/#website"},"primaryImageOfPage":{"@id":"https:\/\/www.comll.cat\/es\/els-collegis-de-metges-demanen-tenir-veu-en-la-presa-de-decisions-sobre-la-pandemia-de-la-covid-19\/#primaryimage"},"image":{"@id":"https:\/\/www.comll.cat\/es\/els-collegis-de-metges-demanen-tenir-veu-en-la-presa-de-decisions-sobre-la-pandemia-de-la-covid-19\/#primaryimage"},"thumbnailUrl":"https:\/\/www.comll.cat\/es\/wp-content\/uploads\/sites\/3\/comll-logo-transparent2-4.png","datePublished":"2020-03-31T16:45:55+00:00","author":{"@id":"https:\/\/www.comll.cat\/es\/#\/schema\/person\/1c7bc4d83b35a927d680cfe0ec9120e0"},"breadcrumb":{"@id":"https:\/\/www.comll.cat\/es\/els-collegis-de-metges-demanen-tenir-veu-en-la-presa-de-decisions-sobre-la-pandemia-de-la-covid-19\/#breadcrumb"},"inLanguage":"es","potentialAction":[{"@type":"ReadAction","target":["https:\/\/www.comll.cat\/es\/els-collegis-de-metges-demanen-tenir-veu-en-la-presa-de-decisions-sobre-la-pandemia-de-la-covid-19\/"]}]},{"@type":"ImageObject","inLanguage":"es","@id":"https:\/\/www.comll.cat\/es\/els-collegis-de-metges-demanen-tenir-veu-en-la-presa-de-decisions-sobre-la-pandemia-de-la-covid-19\/#primaryimage","url":"https:\/\/www.comll.cat\/es\/wp-content\/uploads\/sites\/3\/comll-logo-transparent2-4.png","contentUrl":"https:\/\/www.comll.cat\/es\/wp-content\/uploads\/sites\/3\/comll-logo-transparent2-4.png","width":736,"height":446},{"@type":"BreadcrumbList","@id":"https:\/\/www.comll.cat\/es\/els-collegis-de-metges-demanen-tenir-veu-en-la-presa-de-decisions-sobre-la-pandemia-de-la-covid-19\/#breadcrumb","itemListElement":[{"@type":"ListItem","position":1,"name":"Portada","item":"https:\/\/www.comll.cat\/es\/"},{"@type":"ListItem","position":2,"name":"Els col\u00b7legis de metges demanen tenir veu en la presa de decisions sobre la pand\u00e8mia de la COVID-19"}]},{"@type":"WebSite","@id":"https:\/\/www.comll.cat\/es\/#website","url":"https:\/\/www.comll.cat\/es\/","name":"Col\u00b7legi Oficial de Metges de Lleida","description":"COMLL","potentialAction":[{"@type":"SearchAction","target":{"@type":"EntryPoint","urlTemplate":"https:\/\/www.comll.cat\/es\/?s={search_term_string}"},"query-input":{"@type":"PropertyValueSpecification","valueRequired":true,"valueName":"search_term_string"}}],"inLanguage":"es"},{"@type":"Person","@id":"https:\/\/www.comll.cat\/es\/#\/schema\/person\/1c7bc4d83b35a927d680cfe0ec9120e0","name":"Albert","image":{"@type":"ImageObject","inLanguage":"es","@id":"https:\/\/secure.gravatar.com\/avatar\/c1261138a5e7882394bd9001104fe7078a2d860997555a5353af4ef7bd38f6db?s=96&d=mm&r=g","url":"https:\/\/secure.gravatar.com\/avatar\/c1261138a5e7882394bd9001104fe7078a2d860997555a5353af4ef7bd38f6db?s=96&d=mm&r=g","contentUrl":"https:\/\/secure.gravatar.com\/avatar\/c1261138a5e7882394bd9001104fe7078a2d860997555a5353af4ef7bd38f6db?s=96&d=mm&r=g","caption":"Albert"},"sameAs":["https:\/\/www.comll.cat"]}]}},"publishpress_future_action":{"enabled":false,"date":"2026-05-03 10:20:00","action":"change-status","newStatus":"draft","terms":[],"taxonomy":"category","extraData":[]},"publishpress_future_workflow_manual_trigger":{"enabledWorkflows":[]},"_links":{"self":[{"href":"https:\/\/www.comll.cat\/es\/wp-json\/wp\/v2\/posts\/1221","targetHints":{"allow":["GET"]}}],"collection":[{"href":"https:\/\/www.comll.cat\/es\/wp-json\/wp\/v2\/posts"}],"about":[{"href":"https:\/\/www.comll.cat\/es\/wp-json\/wp\/v2\/types\/post"}],"author":[{"embeddable":true,"href":"https:\/\/www.comll.cat\/es\/wp-json\/wp\/v2\/users\/1"}],"replies":[{"embeddable":true,"href":"https:\/\/www.comll.cat\/es\/wp-json\/wp\/v2\/comments?post=1221"}],"version-history":[{"count":0,"href":"https:\/\/www.comll.cat\/es\/wp-json\/wp\/v2\/posts\/1221\/revisions"}],"wp:featuredmedia":[{"embeddable":true,"href":"https:\/\/www.comll.cat\/es\/wp-json\/wp\/v2\/media\/1160"}],"wp:attachment":[{"href":"https:\/\/www.comll.cat\/es\/wp-json\/wp\/v2\/media?parent=1221"}],"wp:term":[{"taxonomy":"category","embeddable":true,"href":"https:\/\/www.comll.cat\/es\/wp-json\/wp\/v2\/categories?post=1221"},{"taxonomy":"post_tag","embeddable":true,"href":"https:\/\/www.comll.cat\/es\/wp-json\/wp\/v2\/tags?post=1221"}],"curies":[{"name":"wp","href":"https:\/\/api.w.org\/{rel}","templated":true}]}}