{"id":12084,"date":"2025-05-29T11:10:58","date_gmt":"2025-05-29T09:10:58","guid":{"rendered":"https:\/\/www.comll.cat\/es\/?p=12084"},"modified":"2025-05-29T12:08:47","modified_gmt":"2025-05-29T10:08:47","slug":"els-metges-i-els-veterinaris-catalans-treballaran-de-la-ma-per-promoure-la-visio-duna-sola-salut","status":"publish","type":"post","link":"https:\/\/www.comll.cat\/es\/els-metges-i-els-veterinaris-catalans-treballaran-de-la-ma-per-promoure-la-visio-duna-sola-salut\/","title":{"rendered":"Los m\u00e9dicos y los veterinarios catalanes trabajar\u00e1n unidos para promocionar la visi\u00f3n de de Una Sola Salud"},"content":{"rendered":"\n<p>El\u00a0<strong>Consell de Col\u00b7legis de Metges de Catalunya<\/strong>\u00a0(CCMC) i el\u00a0<strong>Consell de Col\u00b7legis Veterinaris de Catalunya<\/strong>\u00a0(CCVC) trabajar\u00e1n en un\u00a0convenio de colaboraci\u00f3n\u00a0para crear un\u00a0grupo de trabajo\u00a0formado por m\u00e9dicos y veterinarios de Catalu\u00f1a. El objetivo de este grupo ser\u00e1 trabajar conjuntamente con el fin de abordar las zoonosis desde la visi\u00f3n de Una Salud, entendiendo que la salud animal, la de los ecosistemas y la salud p\u00fablica est\u00e1n estrechamente interconectadas.<\/p>\n\n\n\n<p>Este es el principal resultado de una reuni\u00f3n que mantuvieron las dos entidades el 21 de mayo en la sede del CCMC, y que ten\u00eda como finalidad exponer la necesidad de un trabajo conjunto desde la perspectiva One Health. En la reuni\u00f3n se puso de manifiesto que el 60% de las enfermedades humanas transmisibles son zoon\u00f3ticas y que el 75% de los agentes pat\u00f3genos de las enfermedades infecciosas emergentes tienen un origen animal. Estos datos ponen de relevo la necesidad que m\u00e9dicos y veterinarios colaboren estrechamente para concienciar sobre las enfermedades zoon\u00f3ticas y conozcan c\u00f3mo actuar y prevenirlas adecuadamente.<\/p>\n\n\n\n<p>En la reuni\u00f3n participaron, por parte del CCMC,\u00a0Ram\u00f3n Mur, presidente, y\u00a0Maria Chin\u00e9, vicepresidenta del Colegio de M\u00e9dicos de Lleida. Por parte del CCVC, el vicepresidente,\u00a0Joan Mesi\u00e0; el vocal por Girona,\u00a0Ramon Ced\u00f3; el vocal por Lleida,\u00a0Miquel Molins\u00a0y la directora del Departamento de Gesti\u00f3n T\u00e9cnica,\u00a0Anna Villano.<\/p>\n","protected":false},"excerpt":{"rendered":"<p>El\u00a0Consell de Col\u00b7legis de Metges de Catalunya\u00a0(CCMC) i el\u00a0Consell de Col\u00b7legis Veterinaris de Catalunya\u00a0(CCVC) trabajar\u00e1n en un\u00a0convenio de colaboraci\u00f3n\u00a0para crear...<\/p>\n","protected":false},"author":4,"featured_media":12085,"comment_status":"closed","ping_status":"closed","sticky":false,"template":"","format":"standard","meta":{"_acf_changed":false,"inline_featured_image":false,"footnotes":""},"categories":[18],"tags":[],"class_list":["post-12084","post","type-post","status-publish","format-standard","has-post-thumbnail","hentry","category-noticias"],"acf":[],"yoast_head":"<!-- This site is optimized with the Yoast SEO plugin v27.5 - https:\/\/yoast.com\/product\/yoast-seo-wordpress\/ -->\n<title>Los m\u00e9dicos y los veterinarios catalanes trabajar\u00e1n unidos para promocionar la visi\u00f3n de de Una Sola Salud - Col\u00b7legi Oficial de Metges de Lleida<\/title>\n<meta name=\"robots\" content=\"index, follow, max-snippet:-1, max-image-preview:large, max-video-preview:-1\" \/>\n<link rel=\"canonical\" href=\"https:\/\/www.comll.cat\/es\/els-metges-i-els-veterinaris-catalans-treballaran-de-la-ma-per-promoure-la-visio-duna-sola-salut\/\" \/>\n<meta property=\"og:locale\" content=\"es_ES\" \/>\n<meta property=\"og:type\" content=\"article\" \/>\n<meta property=\"og:title\" content=\"Los m\u00e9dicos y los veterinarios catalanes trabajar\u00e1n unidos para promocionar la visi\u00f3n de de Una Sola Salud - Col\u00b7legi Oficial de Metges de Lleida\" \/>\n<meta property=\"og:description\" content=\"El\u00a0Consell de Col\u00b7legis de Metges de Catalunya\u00a0(CCMC) i el\u00a0Consell de Col\u00b7legis Veterinaris de Catalunya\u00a0(CCVC) trabajar\u00e1n en un\u00a0convenio de colaboraci\u00f3n\u00a0para crear...\" \/>\n<meta property=\"og:url\" content=\"https:\/\/www.comll.cat\/es\/els-metges-i-els-veterinaris-catalans-treballaran-de-la-ma-per-promoure-la-visio-duna-sola-salut\/\" \/>\n<meta property=\"og:site_name\" content=\"Col\u00b7legi Oficial de Metges de Lleida\" \/>\n<meta property=\"article:published_time\" content=\"2025-05-29T09:10:58+00:00\" \/>\n<meta property=\"article:modified_time\" content=\"2025-05-29T10:08:47+00:00\" \/>\n<meta property=\"og:image\" content=\"https:\/\/www.comll.cat\/es\/wp-content\/uploads\/sites\/3\/9105.jpg\" \/>\n\t<meta property=\"og:image:width\" content=\"932\" \/>\n\t<meta property=\"og:image:height\" content=\"544\" \/>\n\t<meta property=\"og:image:type\" content=\"image\/jpeg\" \/>\n<meta name=\"author\" content=\"comll\" \/>\n<meta name=\"twitter:card\" content=\"summary_large_image\" \/>\n<script type=\"application\/ld+json\" class=\"yoast-schema-graph\">{\"@context\":\"https:\\\/\\\/schema.org\",\"@graph\":[{\"@type\":\"Article\",\"@id\":\"https:\\\/\\\/www.comll.cat\\\/es\\\/els-metges-i-els-veterinaris-catalans-treballaran-de-la-ma-per-promoure-la-visio-duna-sola-salut\\\/#article\",\"isPartOf\":{\"@id\":\"https:\\\/\\\/www.comll.cat\\\/es\\\/els-metges-i-els-veterinaris-catalans-treballaran-de-la-ma-per-promoure-la-visio-duna-sola-salut\\\/\"},\"author\":{\"name\":\"comll\",\"@id\":\"https:\\\/\\\/www.comll.cat\\\/es\\\/#\\\/schema\\\/person\\\/4013951a5e98fc334e3cbb7aea9bdf48\"},\"headline\":\"Los m\u00e9dicos y los veterinarios catalanes trabajar\u00e1n unidos para promocionar la visi\u00f3n de de Una Sola Salud\",\"datePublished\":\"2025-05-29T09:10:58+00:00\",\"dateModified\":\"2025-05-29T10:08:47+00:00\",\"mainEntityOfPage\":{\"@id\":\"https:\\\/\\\/www.comll.cat\\\/es\\\/els-metges-i-els-veterinaris-catalans-treballaran-de-la-ma-per-promoure-la-visio-duna-sola-salut\\\/\"},\"wordCount\":263,\"image\":{\"@id\":\"https:\\\/\\\/www.comll.cat\\\/es\\\/els-metges-i-els-veterinaris-catalans-treballaran-de-la-ma-per-promoure-la-visio-duna-sola-salut\\\/#primaryimage\"},\"thumbnailUrl\":\"https:\\\/\\\/www.comll.cat\\\/es\\\/wp-content\\\/uploads\\\/sites\\\/3\\\/9105.jpg\",\"articleSection\":[\"Noticias\"],\"inLanguage\":\"es\"},{\"@type\":\"WebPage\",\"@id\":\"https:\\\/\\\/www.comll.cat\\\/es\\\/els-metges-i-els-veterinaris-catalans-treballaran-de-la-ma-per-promoure-la-visio-duna-sola-salut\\\/\",\"url\":\"https:\\\/\\\/www.comll.cat\\\/es\\\/els-metges-i-els-veterinaris-catalans-treballaran-de-la-ma-per-promoure-la-visio-duna-sola-salut\\\/\",\"name\":\"Los m\u00e9dicos y los veterinarios catalanes trabajar\u00e1n unidos para promocionar la visi\u00f3n de de Una Sola Salud - Col\u00b7legi Oficial de Metges de Lleida\",\"isPartOf\":{\"@id\":\"https:\\\/\\\/www.comll.cat\\\/es\\\/#website\"},\"primaryImageOfPage\":{\"@id\":\"https:\\\/\\\/www.comll.cat\\\/es\\\/els-metges-i-els-veterinaris-catalans-treballaran-de-la-ma-per-promoure-la-visio-duna-sola-salut\\\/#primaryimage\"},\"image\":{\"@id\":\"https:\\\/\\\/www.comll.cat\\\/es\\\/els-metges-i-els-veterinaris-catalans-treballaran-de-la-ma-per-promoure-la-visio-duna-sola-salut\\\/#primaryimage\"},\"thumbnailUrl\":\"https:\\\/\\\/www.comll.cat\\\/es\\\/wp-content\\\/uploads\\\/sites\\\/3\\\/9105.jpg\",\"datePublished\":\"2025-05-29T09:10:58+00:00\",\"dateModified\":\"2025-05-29T10:08:47+00:00\",\"author\":{\"@id\":\"https:\\\/\\\/www.comll.cat\\\/es\\\/#\\\/schema\\\/person\\\/4013951a5e98fc334e3cbb7aea9bdf48\"},\"breadcrumb\":{\"@id\":\"https:\\\/\\\/www.comll.cat\\\/es\\\/els-metges-i-els-veterinaris-catalans-treballaran-de-la-ma-per-promoure-la-visio-duna-sola-salut\\\/#breadcrumb\"},\"inLanguage\":\"es\",\"potentialAction\":[{\"@type\":\"ReadAction\",\"target\":[\"https:\\\/\\\/www.comll.cat\\\/es\\\/els-metges-i-els-veterinaris-catalans-treballaran-de-la-ma-per-promoure-la-visio-duna-sola-salut\\\/\"]}]},{\"@type\":\"ImageObject\",\"inLanguage\":\"es\",\"@id\":\"https:\\\/\\\/www.comll.cat\\\/es\\\/els-metges-i-els-veterinaris-catalans-treballaran-de-la-ma-per-promoure-la-visio-duna-sola-salut\\\/#primaryimage\",\"url\":\"https:\\\/\\\/www.comll.cat\\\/es\\\/wp-content\\\/uploads\\\/sites\\\/3\\\/9105.jpg\",\"contentUrl\":\"https:\\\/\\\/www.comll.cat\\\/es\\\/wp-content\\\/uploads\\\/sites\\\/3\\\/9105.jpg\",\"width\":932,\"height\":544},{\"@type\":\"BreadcrumbList\",\"@id\":\"https:\\\/\\\/www.comll.cat\\\/es\\\/els-metges-i-els-veterinaris-catalans-treballaran-de-la-ma-per-promoure-la-visio-duna-sola-salut\\\/#breadcrumb\",\"itemListElement\":[{\"@type\":\"ListItem\",\"position\":1,\"name\":\"Portada\",\"item\":\"https:\\\/\\\/www.comll.cat\\\/es\\\/\"},{\"@type\":\"ListItem\",\"position\":2,\"name\":\"Los m\u00e9dicos y los veterinarios catalanes trabajar\u00e1n unidos para promocionar la visi\u00f3n de de Una Sola Salud\"}]},{\"@type\":\"WebSite\",\"@id\":\"https:\\\/\\\/www.comll.cat\\\/es\\\/#website\",\"url\":\"https:\\\/\\\/www.comll.cat\\\/es\\\/\",\"name\":\"Col\u00b7legi Oficial de Metges de Lleida\",\"description\":\"COMLL\",\"potentialAction\":[{\"@type\":\"SearchAction\",\"target\":{\"@type\":\"EntryPoint\",\"urlTemplate\":\"https:\\\/\\\/www.comll.cat\\\/es\\\/?s={search_term_string}\"},\"query-input\":{\"@type\":\"PropertyValueSpecification\",\"valueRequired\":true,\"valueName\":\"search_term_string\"}}],\"inLanguage\":\"es\"},{\"@type\":\"Person\",\"@id\":\"https:\\\/\\\/www.comll.cat\\\/es\\\/#\\\/schema\\\/person\\\/4013951a5e98fc334e3cbb7aea9bdf48\",\"name\":\"comll\",\"image\":{\"@type\":\"ImageObject\",\"inLanguage\":\"es\",\"@id\":\"https:\\\/\\\/secure.gravatar.com\\\/avatar\\\/7d9c56d88c214c8f2f1e594a299566f5bebc17cb9d23743059ec64bf40926d5e?s=96&d=mm&r=g\",\"url\":\"https:\\\/\\\/secure.gravatar.com\\\/avatar\\\/7d9c56d88c214c8f2f1e594a299566f5bebc17cb9d23743059ec64bf40926d5e?s=96&d=mm&r=g\",\"contentUrl\":\"https:\\\/\\\/secure.gravatar.com\\\/avatar\\\/7d9c56d88c214c8f2f1e594a299566f5bebc17cb9d23743059ec64bf40926d5e?s=96&d=mm&r=g\",\"caption\":\"comll\"}}]}<\/script>\n<!-- \/ Yoast SEO plugin. -->","yoast_head_json":{"title":"Los m\u00e9dicos y los veterinarios catalanes trabajar\u00e1n unidos para promocionar la visi\u00f3n de de Una Sola Salud - Col\u00b7legi Oficial de Metges de Lleida","robots":{"index":"index","follow":"follow","max-snippet":"max-snippet:-1","max-image-preview":"max-image-preview:large","max-video-preview":"max-video-preview:-1"},"canonical":"https:\/\/www.comll.cat\/es\/els-metges-i-els-veterinaris-catalans-treballaran-de-la-ma-per-promoure-la-visio-duna-sola-salut\/","og_locale":"es_ES","og_type":"article","og_title":"Los m\u00e9dicos y los veterinarios catalanes trabajar\u00e1n unidos para promocionar la visi\u00f3n de de Una Sola Salud - Col\u00b7legi Oficial de Metges de Lleida","og_description":"El\u00a0Consell de Col\u00b7legis de Metges de Catalunya\u00a0(CCMC) i el\u00a0Consell de Col\u00b7legis Veterinaris de Catalunya\u00a0(CCVC) trabajar\u00e1n en un\u00a0convenio de colaboraci\u00f3n\u00a0para crear...","og_url":"https:\/\/www.comll.cat\/es\/els-metges-i-els-veterinaris-catalans-treballaran-de-la-ma-per-promoure-la-visio-duna-sola-salut\/","og_site_name":"Col\u00b7legi Oficial de Metges de Lleida","article_published_time":"2025-05-29T09:10:58+00:00","article_modified_time":"2025-05-29T10:08:47+00:00","og_image":[{"width":932,"height":544,"url":"https:\/\/www.comll.cat\/es\/wp-content\/uploads\/sites\/3\/9105.jpg","type":"image\/jpeg"}],"author":"comll","twitter_card":"summary_large_image","schema":{"@context":"https:\/\/schema.org","@graph":[{"@type":"Article","@id":"https:\/\/www.comll.cat\/es\/els-metges-i-els-veterinaris-catalans-treballaran-de-la-ma-per-promoure-la-visio-duna-sola-salut\/#article","isPartOf":{"@id":"https:\/\/www.comll.cat\/es\/els-metges-i-els-veterinaris-catalans-treballaran-de-la-ma-per-promoure-la-visio-duna-sola-salut\/"},"author":{"name":"comll","@id":"https:\/\/www.comll.cat\/es\/#\/schema\/person\/4013951a5e98fc334e3cbb7aea9bdf48"},"headline":"Los m\u00e9dicos y los veterinarios catalanes trabajar\u00e1n unidos para promocionar la visi\u00f3n de de Una Sola Salud","datePublished":"2025-05-29T09:10:58+00:00","dateModified":"2025-05-29T10:08:47+00:00","mainEntityOfPage":{"@id":"https:\/\/www.comll.cat\/es\/els-metges-i-els-veterinaris-catalans-treballaran-de-la-ma-per-promoure-la-visio-duna-sola-salut\/"},"wordCount":263,"image":{"@id":"https:\/\/www.comll.cat\/es\/els-metges-i-els-veterinaris-catalans-treballaran-de-la-ma-per-promoure-la-visio-duna-sola-salut\/#primaryimage"},"thumbnailUrl":"https:\/\/www.comll.cat\/es\/wp-content\/uploads\/sites\/3\/9105.jpg","articleSection":["Noticias"],"inLanguage":"es"},{"@type":"WebPage","@id":"https:\/\/www.comll.cat\/es\/els-metges-i-els-veterinaris-catalans-treballaran-de-la-ma-per-promoure-la-visio-duna-sola-salut\/","url":"https:\/\/www.comll.cat\/es\/els-metges-i-els-veterinaris-catalans-treballaran-de-la-ma-per-promoure-la-visio-duna-sola-salut\/","name":"Los m\u00e9dicos y los veterinarios catalanes trabajar\u00e1n unidos para promocionar la visi\u00f3n de de Una Sola Salud - Col\u00b7legi Oficial de Metges de Lleida","isPartOf":{"@id":"https:\/\/www.comll.cat\/es\/#website"},"primaryImageOfPage":{"@id":"https:\/\/www.comll.cat\/es\/els-metges-i-els-veterinaris-catalans-treballaran-de-la-ma-per-promoure-la-visio-duna-sola-salut\/#primaryimage"},"image":{"@id":"https:\/\/www.comll.cat\/es\/els-metges-i-els-veterinaris-catalans-treballaran-de-la-ma-per-promoure-la-visio-duna-sola-salut\/#primaryimage"},"thumbnailUrl":"https:\/\/www.comll.cat\/es\/wp-content\/uploads\/sites\/3\/9105.jpg","datePublished":"2025-05-29T09:10:58+00:00","dateModified":"2025-05-29T10:08:47+00:00","author":{"@id":"https:\/\/www.comll.cat\/es\/#\/schema\/person\/4013951a5e98fc334e3cbb7aea9bdf48"},"breadcrumb":{"@id":"https:\/\/www.comll.cat\/es\/els-metges-i-els-veterinaris-catalans-treballaran-de-la-ma-per-promoure-la-visio-duna-sola-salut\/#breadcrumb"},"inLanguage":"es","potentialAction":[{"@type":"ReadAction","target":["https:\/\/www.comll.cat\/es\/els-metges-i-els-veterinaris-catalans-treballaran-de-la-ma-per-promoure-la-visio-duna-sola-salut\/"]}]},{"@type":"ImageObject","inLanguage":"es","@id":"https:\/\/www.comll.cat\/es\/els-metges-i-els-veterinaris-catalans-treballaran-de-la-ma-per-promoure-la-visio-duna-sola-salut\/#primaryimage","url":"https:\/\/www.comll.cat\/es\/wp-content\/uploads\/sites\/3\/9105.jpg","contentUrl":"https:\/\/www.comll.cat\/es\/wp-content\/uploads\/sites\/3\/9105.jpg","width":932,"height":544},{"@type":"BreadcrumbList","@id":"https:\/\/www.comll.cat\/es\/els-metges-i-els-veterinaris-catalans-treballaran-de-la-ma-per-promoure-la-visio-duna-sola-salut\/#breadcrumb","itemListElement":[{"@type":"ListItem","position":1,"name":"Portada","item":"https:\/\/www.comll.cat\/es\/"},{"@type":"ListItem","position":2,"name":"Los m\u00e9dicos y los veterinarios catalanes trabajar\u00e1n unidos para promocionar la visi\u00f3n de de Una Sola Salud"}]},{"@type":"WebSite","@id":"https:\/\/www.comll.cat\/es\/#website","url":"https:\/\/www.comll.cat\/es\/","name":"Col\u00b7legi Oficial de Metges de Lleida","description":"COMLL","potentialAction":[{"@type":"SearchAction","target":{"@type":"EntryPoint","urlTemplate":"https:\/\/www.comll.cat\/es\/?s={search_term_string}"},"query-input":{"@type":"PropertyValueSpecification","valueRequired":true,"valueName":"search_term_string"}}],"inLanguage":"es"},{"@type":"Person","@id":"https:\/\/www.comll.cat\/es\/#\/schema\/person\/4013951a5e98fc334e3cbb7aea9bdf48","name":"comll","image":{"@type":"ImageObject","inLanguage":"es","@id":"https:\/\/secure.gravatar.com\/avatar\/7d9c56d88c214c8f2f1e594a299566f5bebc17cb9d23743059ec64bf40926d5e?s=96&d=mm&r=g","url":"https:\/\/secure.gravatar.com\/avatar\/7d9c56d88c214c8f2f1e594a299566f5bebc17cb9d23743059ec64bf40926d5e?s=96&d=mm&r=g","contentUrl":"https:\/\/secure.gravatar.com\/avatar\/7d9c56d88c214c8f2f1e594a299566f5bebc17cb9d23743059ec64bf40926d5e?s=96&d=mm&r=g","caption":"comll"}}]}},"publishpress_future_action":{"enabled":false,"date":"2026-05-02 01:53:27","action":"change-status","newStatus":"draft","terms":[],"taxonomy":"category","extraData":[]},"publishpress_future_workflow_manual_trigger":{"enabledWorkflows":[]},"_links":{"self":[{"href":"https:\/\/www.comll.cat\/es\/wp-json\/wp\/v2\/posts\/12084","targetHints":{"allow":["GET"]}}],"collection":[{"href":"https:\/\/www.comll.cat\/es\/wp-json\/wp\/v2\/posts"}],"about":[{"href":"https:\/\/www.comll.cat\/es\/wp-json\/wp\/v2\/types\/post"}],"author":[{"embeddable":true,"href":"https:\/\/www.comll.cat\/es\/wp-json\/wp\/v2\/users\/4"}],"replies":[{"embeddable":true,"href":"https:\/\/www.comll.cat\/es\/wp-json\/wp\/v2\/comments?post=12084"}],"version-history":[{"count":1,"href":"https:\/\/www.comll.cat\/es\/wp-json\/wp\/v2\/posts\/12084\/revisions"}],"predecessor-version":[{"id":12087,"href":"https:\/\/www.comll.cat\/es\/wp-json\/wp\/v2\/posts\/12084\/revisions\/12087"}],"wp:featuredmedia":[{"embeddable":true,"href":"https:\/\/www.comll.cat\/es\/wp-json\/wp\/v2\/media\/12085"}],"wp:attachment":[{"href":"https:\/\/www.comll.cat\/es\/wp-json\/wp\/v2\/media?parent=12084"}],"wp:term":[{"taxonomy":"category","embeddable":true,"href":"https:\/\/www.comll.cat\/es\/wp-json\/wp\/v2\/categories?post=12084"},{"taxonomy":"post_tag","embeddable":true,"href":"https:\/\/www.comll.cat\/es\/wp-json\/wp\/v2\/tags?post=12084"}],"curies":[{"name":"wp","href":"https:\/\/api.w.org\/{rel}","templated":true}]}}