{"id":1188,"date":"2020-03-19T15:37:46","date_gmt":"2020-03-19T14:37:46","guid":{"rendered":"https:\/\/www.comll.cat\/el-ccmc-reclama-que-la-prorroga-de-contractacio-dels-mir-davant-la-crisi-de-la-covid-19-es-faci-com-a-metges-adjunts-o-equivalents\/"},"modified":"2020-03-19T15:37:46","modified_gmt":"2020-03-19T14:37:46","slug":"el-ccmc-reclama-que-la-prorroga-de-contractacio-dels-mir-davant-la-crisi-de-la-covid-19-es-faci-com-a-metges-adjunts-o-equivalents","status":"publish","type":"post","link":"https:\/\/www.comll.cat\/es\/el-ccmc-reclama-que-la-prorroga-de-contractacio-dels-mir-davant-la-crisi-de-la-covid-19-es-faci-com-a-metges-adjunts-o-equivalents\/","title":{"rendered":"El CCMC reclama que la pr\u00f2rroga de contractaci\u00f3 dels MIR davant la crisi de la COVID-19 es faci com a metges adjunts o equivalents"},"content":{"rendered":"<p><img loading=\"lazy\" decoding=\"async\" class=\"alignnone size-medium wp-image-22403\" src=\"https:\/\/www.comll.cat\/wp-content\/uploads\/sites\/3\/logo-ccmc-300x300.jpg\" alt=\"Logo CCMC\" width=\"300\" height=\"300\" \/><\/p>\n<p>En el marc de les mesures excepcionals adoptades a conseq\u00fc\u00e8ncia de la COVID-19 i la necessitat de metges per prestar serveis assistencials, el Consell de Col\u00b7legis de Metges de Catalunya (CCMC) considera que cal disposar de tots els recursos humans possibles. El CCMC creu \u201cconvenient que qualsevol norma o decisi\u00f3 que afecti els professionals no els ocasioni perjudicis\u201d, segons un comunicat fet p\u00fablic avui.<\/p>\n<p>Pel que fa a la pr\u00f2rroga de contractaci\u00f3 dels residents d\u2019\u00faltim any, establerta per l\u2019Ordre SND\/232\/2020 de 15 de mar\u00e7, el Consell sol\u00b7licita al Ministeri de Sanitat la seva modificaci\u00f3 o aclariment per tal que els metges continu\u00efn vinculats autom\u00e0ticament al centre sanitari amb el contracte d\u2019adjunt o equivalent que correspongui. Aix\u00ed mateix, el CCMC demana a l\u2019Administraci\u00f3 Sanit\u00e0ria de Catalunya i a tots els centres p\u00fablics o privats, on es desenvolupa la formaci\u00f3 especialitzada (MIR), que qualsevol contractaci\u00f3 dels metges que finalitzin el MIR es realitzi en la modalitat esmentada.<\/p>\n<p>El quatre col\u00b7legis de metges de Catalunya es posen a disposici\u00f3 d\u2019aquests companys i companyes \u201cper fer-se ress\u00f2 de qualsevol pr\u00f2rroga de contractaci\u00f3 que no compleixi la proposta esmentada, i utilitzaran tots els recursos disponibles per tractar de fer-la efectiva\u201d.<\/p>\n<p>El comunicat del Consell tamb\u00e9 reclama a les administracions central i auton\u00f2mica que tots els recursos promesos per fer front a la crisi sanit\u00e0ria arribin el m\u00e9s r\u00e0pid possible als centres sanitaris per dotar i millorar la contractaci\u00f3 dels professionals i habilitar recursos per a la seva protecci\u00f3, per a la compra de reactius per a les proves del virus i per a la inversi\u00f3 en equipaments m\u00e8dics relacionats amb aquesta patologia.<\/p>\n","protected":false},"excerpt":{"rendered":"<p>En el marc de les mesures excepcionals adoptades a conseq\u00fc\u00e8ncia de la COVID-19 i la necessitat de metges per prestar...<\/p>\n","protected":false},"author":1,"featured_media":1189,"comment_status":"closed","ping_status":"closed","sticky":false,"template":"","format":"standard","meta":{"_acf_changed":false,"inline_featured_image":false,"footnotes":""},"categories":[18],"tags":[],"class_list":["post-1188","post","type-post","status-publish","format-standard","has-post-thumbnail","hentry","category-noticias"],"acf":[],"yoast_head":"<!-- This site is optimized with the Yoast SEO plugin v27.5 - https:\/\/yoast.com\/product\/yoast-seo-wordpress\/ -->\n<title>El CCMC reclama que la pr\u00f2rroga de contractaci\u00f3 dels MIR davant la crisi de la COVID-19 es faci com a metges adjunts o equivalents - Col\u00b7legi Oficial de Metges de Lleida<\/title>\n<meta name=\"robots\" content=\"index, follow, max-snippet:-1, max-image-preview:large, max-video-preview:-1\" \/>\n<link rel=\"canonical\" href=\"https:\/\/www.comll.cat\/es\/el-ccmc-reclama-que-la-prorroga-de-contractacio-dels-mir-davant-la-crisi-de-la-covid-19-es-faci-com-a-metges-adjunts-o-equivalents\/\" \/>\n<meta property=\"og:locale\" content=\"es_ES\" \/>\n<meta property=\"og:type\" content=\"article\" \/>\n<meta property=\"og:title\" content=\"El CCMC reclama que la pr\u00f2rroga de contractaci\u00f3 dels MIR davant la crisi de la COVID-19 es faci com a metges adjunts o equivalents - Col\u00b7legi Oficial de Metges de Lleida\" \/>\n<meta property=\"og:description\" content=\"En el marc de les mesures excepcionals adoptades a conseq\u00fc\u00e8ncia de la COVID-19 i la necessitat de metges per prestar...\" \/>\n<meta property=\"og:url\" content=\"https:\/\/www.comll.cat\/es\/el-ccmc-reclama-que-la-prorroga-de-contractacio-dels-mir-davant-la-crisi-de-la-covid-19-es-faci-com-a-metges-adjunts-o-equivalents\/\" \/>\n<meta property=\"og:site_name\" content=\"Col\u00b7legi Oficial de Metges de Lleida\" \/>\n<meta property=\"article:published_time\" content=\"2020-03-19T14:37:46+00:00\" \/>\n<meta property=\"og:image\" content=\"https:\/\/www.comll.cat\/es\/wp-content\/uploads\/sites\/3\/logo-ccmc.jpg\" \/>\n\t<meta property=\"og:image:width\" content=\"470\" \/>\n\t<meta property=\"og:image:height\" content=\"470\" \/>\n\t<meta property=\"og:image:type\" content=\"image\/jpeg\" \/>\n<meta name=\"author\" content=\"Albert\" \/>\n<meta name=\"twitter:card\" content=\"summary_large_image\" \/>\n<script type=\"application\/ld+json\" class=\"yoast-schema-graph\">{\"@context\":\"https:\\\/\\\/schema.org\",\"@graph\":[{\"@type\":\"Article\",\"@id\":\"https:\\\/\\\/www.comll.cat\\\/es\\\/el-ccmc-reclama-que-la-prorroga-de-contractacio-dels-mir-davant-la-crisi-de-la-covid-19-es-faci-com-a-metges-adjunts-o-equivalents\\\/#article\",\"isPartOf\":{\"@id\":\"https:\\\/\\\/www.comll.cat\\\/es\\\/el-ccmc-reclama-que-la-prorroga-de-contractacio-dels-mir-davant-la-crisi-de-la-covid-19-es-faci-com-a-metges-adjunts-o-equivalents\\\/\"},\"author\":{\"name\":\"Albert\",\"@id\":\"https:\\\/\\\/www.comll.cat\\\/es\\\/#\\\/schema\\\/person\\\/1c7bc4d83b35a927d680cfe0ec9120e0\"},\"headline\":\"El CCMC reclama que la pr\u00f2rroga de contractaci\u00f3 dels MIR davant la crisi de la COVID-19 es faci com a metges adjunts o equivalents\",\"datePublished\":\"2020-03-19T14:37:46+00:00\",\"mainEntityOfPage\":{\"@id\":\"https:\\\/\\\/www.comll.cat\\\/es\\\/el-ccmc-reclama-que-la-prorroga-de-contractacio-dels-mir-davant-la-crisi-de-la-covid-19-es-faci-com-a-metges-adjunts-o-equivalents\\\/\"},\"wordCount\":312,\"image\":{\"@id\":\"https:\\\/\\\/www.comll.cat\\\/es\\\/el-ccmc-reclama-que-la-prorroga-de-contractacio-dels-mir-davant-la-crisi-de-la-covid-19-es-faci-com-a-metges-adjunts-o-equivalents\\\/#primaryimage\"},\"thumbnailUrl\":\"https:\\\/\\\/www.comll.cat\\\/es\\\/wp-content\\\/uploads\\\/sites\\\/3\\\/logo-ccmc.jpg\",\"articleSection\":[\"Noticias\"],\"inLanguage\":\"es\"},{\"@type\":\"WebPage\",\"@id\":\"https:\\\/\\\/www.comll.cat\\\/es\\\/el-ccmc-reclama-que-la-prorroga-de-contractacio-dels-mir-davant-la-crisi-de-la-covid-19-es-faci-com-a-metges-adjunts-o-equivalents\\\/\",\"url\":\"https:\\\/\\\/www.comll.cat\\\/es\\\/el-ccmc-reclama-que-la-prorroga-de-contractacio-dels-mir-davant-la-crisi-de-la-covid-19-es-faci-com-a-metges-adjunts-o-equivalents\\\/\",\"name\":\"El CCMC reclama que la pr\u00f2rroga de contractaci\u00f3 dels MIR davant la crisi de la COVID-19 es faci com a metges adjunts o equivalents - Col\u00b7legi Oficial de Metges de Lleida\",\"isPartOf\":{\"@id\":\"https:\\\/\\\/www.comll.cat\\\/es\\\/#website\"},\"primaryImageOfPage\":{\"@id\":\"https:\\\/\\\/www.comll.cat\\\/es\\\/el-ccmc-reclama-que-la-prorroga-de-contractacio-dels-mir-davant-la-crisi-de-la-covid-19-es-faci-com-a-metges-adjunts-o-equivalents\\\/#primaryimage\"},\"image\":{\"@id\":\"https:\\\/\\\/www.comll.cat\\\/es\\\/el-ccmc-reclama-que-la-prorroga-de-contractacio-dels-mir-davant-la-crisi-de-la-covid-19-es-faci-com-a-metges-adjunts-o-equivalents\\\/#primaryimage\"},\"thumbnailUrl\":\"https:\\\/\\\/www.comll.cat\\\/es\\\/wp-content\\\/uploads\\\/sites\\\/3\\\/logo-ccmc.jpg\",\"datePublished\":\"2020-03-19T14:37:46+00:00\",\"author\":{\"@id\":\"https:\\\/\\\/www.comll.cat\\\/es\\\/#\\\/schema\\\/person\\\/1c7bc4d83b35a927d680cfe0ec9120e0\"},\"breadcrumb\":{\"@id\":\"https:\\\/\\\/www.comll.cat\\\/es\\\/el-ccmc-reclama-que-la-prorroga-de-contractacio-dels-mir-davant-la-crisi-de-la-covid-19-es-faci-com-a-metges-adjunts-o-equivalents\\\/#breadcrumb\"},\"inLanguage\":\"es\",\"potentialAction\":[{\"@type\":\"ReadAction\",\"target\":[\"https:\\\/\\\/www.comll.cat\\\/es\\\/el-ccmc-reclama-que-la-prorroga-de-contractacio-dels-mir-davant-la-crisi-de-la-covid-19-es-faci-com-a-metges-adjunts-o-equivalents\\\/\"]}]},{\"@type\":\"ImageObject\",\"inLanguage\":\"es\",\"@id\":\"https:\\\/\\\/www.comll.cat\\\/es\\\/el-ccmc-reclama-que-la-prorroga-de-contractacio-dels-mir-davant-la-crisi-de-la-covid-19-es-faci-com-a-metges-adjunts-o-equivalents\\\/#primaryimage\",\"url\":\"https:\\\/\\\/www.comll.cat\\\/es\\\/wp-content\\\/uploads\\\/sites\\\/3\\\/logo-ccmc.jpg\",\"contentUrl\":\"https:\\\/\\\/www.comll.cat\\\/es\\\/wp-content\\\/uploads\\\/sites\\\/3\\\/logo-ccmc.jpg\",\"width\":470,\"height\":470},{\"@type\":\"BreadcrumbList\",\"@id\":\"https:\\\/\\\/www.comll.cat\\\/es\\\/el-ccmc-reclama-que-la-prorroga-de-contractacio-dels-mir-davant-la-crisi-de-la-covid-19-es-faci-com-a-metges-adjunts-o-equivalents\\\/#breadcrumb\",\"itemListElement\":[{\"@type\":\"ListItem\",\"position\":1,\"name\":\"Portada\",\"item\":\"https:\\\/\\\/www.comll.cat\\\/es\\\/\"},{\"@type\":\"ListItem\",\"position\":2,\"name\":\"El CCMC reclama que la pr\u00f2rroga de contractaci\u00f3 dels MIR davant la crisi de la COVID-19 es faci com a metges adjunts o equivalents\"}]},{\"@type\":\"WebSite\",\"@id\":\"https:\\\/\\\/www.comll.cat\\\/es\\\/#website\",\"url\":\"https:\\\/\\\/www.comll.cat\\\/es\\\/\",\"name\":\"Col\u00b7legi Oficial de Metges de Lleida\",\"description\":\"COMLL\",\"potentialAction\":[{\"@type\":\"SearchAction\",\"target\":{\"@type\":\"EntryPoint\",\"urlTemplate\":\"https:\\\/\\\/www.comll.cat\\\/es\\\/?s={search_term_string}\"},\"query-input\":{\"@type\":\"PropertyValueSpecification\",\"valueRequired\":true,\"valueName\":\"search_term_string\"}}],\"inLanguage\":\"es\"},{\"@type\":\"Person\",\"@id\":\"https:\\\/\\\/www.comll.cat\\\/es\\\/#\\\/schema\\\/person\\\/1c7bc4d83b35a927d680cfe0ec9120e0\",\"name\":\"Albert\",\"image\":{\"@type\":\"ImageObject\",\"inLanguage\":\"es\",\"@id\":\"https:\\\/\\\/secure.gravatar.com\\\/avatar\\\/c1261138a5e7882394bd9001104fe7078a2d860997555a5353af4ef7bd38f6db?s=96&d=mm&r=g\",\"url\":\"https:\\\/\\\/secure.gravatar.com\\\/avatar\\\/c1261138a5e7882394bd9001104fe7078a2d860997555a5353af4ef7bd38f6db?s=96&d=mm&r=g\",\"contentUrl\":\"https:\\\/\\\/secure.gravatar.com\\\/avatar\\\/c1261138a5e7882394bd9001104fe7078a2d860997555a5353af4ef7bd38f6db?s=96&d=mm&r=g\",\"caption\":\"Albert\"},\"sameAs\":[\"https:\\\/\\\/www.comll.cat\"]}]}<\/script>\n<!-- \/ Yoast SEO plugin. -->","yoast_head_json":{"title":"El CCMC reclama que la pr\u00f2rroga de contractaci\u00f3 dels MIR davant la crisi de la COVID-19 es faci com a metges adjunts o equivalents - Col\u00b7legi Oficial de Metges de Lleida","robots":{"index":"index","follow":"follow","max-snippet":"max-snippet:-1","max-image-preview":"max-image-preview:large","max-video-preview":"max-video-preview:-1"},"canonical":"https:\/\/www.comll.cat\/es\/el-ccmc-reclama-que-la-prorroga-de-contractacio-dels-mir-davant-la-crisi-de-la-covid-19-es-faci-com-a-metges-adjunts-o-equivalents\/","og_locale":"es_ES","og_type":"article","og_title":"El CCMC reclama que la pr\u00f2rroga de contractaci\u00f3 dels MIR davant la crisi de la COVID-19 es faci com a metges adjunts o equivalents - Col\u00b7legi Oficial de Metges de Lleida","og_description":"En el marc de les mesures excepcionals adoptades a conseq\u00fc\u00e8ncia de la COVID-19 i la necessitat de metges per prestar...","og_url":"https:\/\/www.comll.cat\/es\/el-ccmc-reclama-que-la-prorroga-de-contractacio-dels-mir-davant-la-crisi-de-la-covid-19-es-faci-com-a-metges-adjunts-o-equivalents\/","og_site_name":"Col\u00b7legi Oficial de Metges de Lleida","article_published_time":"2020-03-19T14:37:46+00:00","og_image":[{"width":470,"height":470,"url":"https:\/\/www.comll.cat\/es\/wp-content\/uploads\/sites\/3\/logo-ccmc.jpg","type":"image\/jpeg"}],"author":"Albert","twitter_card":"summary_large_image","schema":{"@context":"https:\/\/schema.org","@graph":[{"@type":"Article","@id":"https:\/\/www.comll.cat\/es\/el-ccmc-reclama-que-la-prorroga-de-contractacio-dels-mir-davant-la-crisi-de-la-covid-19-es-faci-com-a-metges-adjunts-o-equivalents\/#article","isPartOf":{"@id":"https:\/\/www.comll.cat\/es\/el-ccmc-reclama-que-la-prorroga-de-contractacio-dels-mir-davant-la-crisi-de-la-covid-19-es-faci-com-a-metges-adjunts-o-equivalents\/"},"author":{"name":"Albert","@id":"https:\/\/www.comll.cat\/es\/#\/schema\/person\/1c7bc4d83b35a927d680cfe0ec9120e0"},"headline":"El CCMC reclama que la pr\u00f2rroga de contractaci\u00f3 dels MIR davant la crisi de la COVID-19 es faci com a metges adjunts o equivalents","datePublished":"2020-03-19T14:37:46+00:00","mainEntityOfPage":{"@id":"https:\/\/www.comll.cat\/es\/el-ccmc-reclama-que-la-prorroga-de-contractacio-dels-mir-davant-la-crisi-de-la-covid-19-es-faci-com-a-metges-adjunts-o-equivalents\/"},"wordCount":312,"image":{"@id":"https:\/\/www.comll.cat\/es\/el-ccmc-reclama-que-la-prorroga-de-contractacio-dels-mir-davant-la-crisi-de-la-covid-19-es-faci-com-a-metges-adjunts-o-equivalents\/#primaryimage"},"thumbnailUrl":"https:\/\/www.comll.cat\/es\/wp-content\/uploads\/sites\/3\/logo-ccmc.jpg","articleSection":["Noticias"],"inLanguage":"es"},{"@type":"WebPage","@id":"https:\/\/www.comll.cat\/es\/el-ccmc-reclama-que-la-prorroga-de-contractacio-dels-mir-davant-la-crisi-de-la-covid-19-es-faci-com-a-metges-adjunts-o-equivalents\/","url":"https:\/\/www.comll.cat\/es\/el-ccmc-reclama-que-la-prorroga-de-contractacio-dels-mir-davant-la-crisi-de-la-covid-19-es-faci-com-a-metges-adjunts-o-equivalents\/","name":"El CCMC reclama que la pr\u00f2rroga de contractaci\u00f3 dels MIR davant la crisi de la COVID-19 es faci com a metges adjunts o equivalents - Col\u00b7legi Oficial de Metges de Lleida","isPartOf":{"@id":"https:\/\/www.comll.cat\/es\/#website"},"primaryImageOfPage":{"@id":"https:\/\/www.comll.cat\/es\/el-ccmc-reclama-que-la-prorroga-de-contractacio-dels-mir-davant-la-crisi-de-la-covid-19-es-faci-com-a-metges-adjunts-o-equivalents\/#primaryimage"},"image":{"@id":"https:\/\/www.comll.cat\/es\/el-ccmc-reclama-que-la-prorroga-de-contractacio-dels-mir-davant-la-crisi-de-la-covid-19-es-faci-com-a-metges-adjunts-o-equivalents\/#primaryimage"},"thumbnailUrl":"https:\/\/www.comll.cat\/es\/wp-content\/uploads\/sites\/3\/logo-ccmc.jpg","datePublished":"2020-03-19T14:37:46+00:00","author":{"@id":"https:\/\/www.comll.cat\/es\/#\/schema\/person\/1c7bc4d83b35a927d680cfe0ec9120e0"},"breadcrumb":{"@id":"https:\/\/www.comll.cat\/es\/el-ccmc-reclama-que-la-prorroga-de-contractacio-dels-mir-davant-la-crisi-de-la-covid-19-es-faci-com-a-metges-adjunts-o-equivalents\/#breadcrumb"},"inLanguage":"es","potentialAction":[{"@type":"ReadAction","target":["https:\/\/www.comll.cat\/es\/el-ccmc-reclama-que-la-prorroga-de-contractacio-dels-mir-davant-la-crisi-de-la-covid-19-es-faci-com-a-metges-adjunts-o-equivalents\/"]}]},{"@type":"ImageObject","inLanguage":"es","@id":"https:\/\/www.comll.cat\/es\/el-ccmc-reclama-que-la-prorroga-de-contractacio-dels-mir-davant-la-crisi-de-la-covid-19-es-faci-com-a-metges-adjunts-o-equivalents\/#primaryimage","url":"https:\/\/www.comll.cat\/es\/wp-content\/uploads\/sites\/3\/logo-ccmc.jpg","contentUrl":"https:\/\/www.comll.cat\/es\/wp-content\/uploads\/sites\/3\/logo-ccmc.jpg","width":470,"height":470},{"@type":"BreadcrumbList","@id":"https:\/\/www.comll.cat\/es\/el-ccmc-reclama-que-la-prorroga-de-contractacio-dels-mir-davant-la-crisi-de-la-covid-19-es-faci-com-a-metges-adjunts-o-equivalents\/#breadcrumb","itemListElement":[{"@type":"ListItem","position":1,"name":"Portada","item":"https:\/\/www.comll.cat\/es\/"},{"@type":"ListItem","position":2,"name":"El CCMC reclama que la pr\u00f2rroga de contractaci\u00f3 dels MIR davant la crisi de la COVID-19 es faci com a metges adjunts o equivalents"}]},{"@type":"WebSite","@id":"https:\/\/www.comll.cat\/es\/#website","url":"https:\/\/www.comll.cat\/es\/","name":"Col\u00b7legi Oficial de Metges de Lleida","description":"COMLL","potentialAction":[{"@type":"SearchAction","target":{"@type":"EntryPoint","urlTemplate":"https:\/\/www.comll.cat\/es\/?s={search_term_string}"},"query-input":{"@type":"PropertyValueSpecification","valueRequired":true,"valueName":"search_term_string"}}],"inLanguage":"es"},{"@type":"Person","@id":"https:\/\/www.comll.cat\/es\/#\/schema\/person\/1c7bc4d83b35a927d680cfe0ec9120e0","name":"Albert","image":{"@type":"ImageObject","inLanguage":"es","@id":"https:\/\/secure.gravatar.com\/avatar\/c1261138a5e7882394bd9001104fe7078a2d860997555a5353af4ef7bd38f6db?s=96&d=mm&r=g","url":"https:\/\/secure.gravatar.com\/avatar\/c1261138a5e7882394bd9001104fe7078a2d860997555a5353af4ef7bd38f6db?s=96&d=mm&r=g","contentUrl":"https:\/\/secure.gravatar.com\/avatar\/c1261138a5e7882394bd9001104fe7078a2d860997555a5353af4ef7bd38f6db?s=96&d=mm&r=g","caption":"Albert"},"sameAs":["https:\/\/www.comll.cat"]}]}},"publishpress_future_action":{"enabled":false,"date":"2026-05-01 21:31:29","action":"change-status","newStatus":"draft","terms":[],"taxonomy":"category","extraData":[]},"publishpress_future_workflow_manual_trigger":{"enabledWorkflows":[]},"_links":{"self":[{"href":"https:\/\/www.comll.cat\/es\/wp-json\/wp\/v2\/posts\/1188","targetHints":{"allow":["GET"]}}],"collection":[{"href":"https:\/\/www.comll.cat\/es\/wp-json\/wp\/v2\/posts"}],"about":[{"href":"https:\/\/www.comll.cat\/es\/wp-json\/wp\/v2\/types\/post"}],"author":[{"embeddable":true,"href":"https:\/\/www.comll.cat\/es\/wp-json\/wp\/v2\/users\/1"}],"replies":[{"embeddable":true,"href":"https:\/\/www.comll.cat\/es\/wp-json\/wp\/v2\/comments?post=1188"}],"version-history":[{"count":0,"href":"https:\/\/www.comll.cat\/es\/wp-json\/wp\/v2\/posts\/1188\/revisions"}],"wp:featuredmedia":[{"embeddable":true,"href":"https:\/\/www.comll.cat\/es\/wp-json\/wp\/v2\/media\/1189"}],"wp:attachment":[{"href":"https:\/\/www.comll.cat\/es\/wp-json\/wp\/v2\/media?parent=1188"}],"wp:term":[{"taxonomy":"category","embeddable":true,"href":"https:\/\/www.comll.cat\/es\/wp-json\/wp\/v2\/categories?post=1188"},{"taxonomy":"post_tag","embeddable":true,"href":"https:\/\/www.comll.cat\/es\/wp-json\/wp\/v2\/tags?post=1188"}],"curies":[{"name":"wp","href":"https:\/\/api.w.org\/{rel}","templated":true}]}}