{"id":11555,"date":"2025-03-21T12:16:18","date_gmt":"2025-03-21T11:16:18","guid":{"rendered":"https:\/\/www.comll.cat\/es\/?p=11555"},"modified":"2025-03-21T12:16:20","modified_gmt":"2025-03-21T11:16:20","slug":"el-president-del-comll-dr-ramon-mur-nou-president-del-consell-de-col%c2%b7legis-de-metges-de-catalunya","status":"publish","type":"post","link":"https:\/\/www.comll.cat\/es\/el-president-del-comll-dr-ramon-mur-nou-president-del-consell-de-col%c2%b7legis-de-metges-de-catalunya\/","title":{"rendered":"El presidente del COMLL, Dr. Ramon Mur, nuevo presidente del Consell de Col\u00b7legis de Metges de Catalunya"},"content":{"rendered":"\n<p>El actual presidente del Colegio de M\u00e9dicos de Lleida (COMLL),\u00a0Ram\u00f3n Mur, asumi\u00f3, el pasado\u00a019 de marzo, la\u00a0presidencia del Consell de Col\u00b7legis de Metges de Catalunya (CCMC). El Dr. Mur coge el relevo de Jaume Padr\u00f3s, qui\u00e9n hasta el 22 de febrero ha sido presidente del Colegio de M\u00e9dicos de Barcelona (CoMB). La actual presidenta del CoMB,\u00a0Elvira Bisbe, ser\u00e1 la nueva vicepresidenta del CCMC y el vicepresidente del CoMB,\u00a0Jaume Sellar\u00e9s, ser\u00e1 el nuevo secretario.<\/p>\n\n\n\n<p><a href=\"https:\/\/www.ccmc.cat\/ca\/ccmc\/home\"><strong>Composici\u00f3n de la Junta de Gobierno del CCMC:<\/strong><\/a><\/p>\n\n\n\n<p><strong>Presidente<\/strong>: Dr. Ramon Mur Garc\u00e9s<br><strong>Vicepresidenta<\/strong>: Dra. Elvira Bisbe<br><strong>Secretario<\/strong>: Dr. Jaume Sellar\u00e8s\u00a0<br><strong>Tesorero<\/strong>: Dr. Jordi Aligu\u00e9 Capsada<\/p>\n\n\n\n<p><strong>Vocales<\/strong>:<\/p>\n\n\n\n<p>Dr. Sergi Boada Pi\u00e9<br>Dr. Josep Vilaplana Birba<br>Dr. Manuel Carasol Ferrer&nbsp;<br>Dra. Mar\u00eda Chin\u00e9 Segura<br>Dra. Teresa Mir Coll<\/p>\n","protected":false},"excerpt":{"rendered":"<p>El actual presidente del Colegio de M\u00e9dicos de Lleida (COMLL),\u00a0Ram\u00f3n Mur, asumi\u00f3, el pasado\u00a019 de marzo, la\u00a0presidencia del Consell de...<\/p>\n","protected":false},"author":4,"featured_media":11556,"comment_status":"closed","ping_status":"closed","sticky":false,"template":"","format":"standard","meta":{"_acf_changed":false,"inline_featured_image":false,"footnotes":""},"categories":[18],"tags":[],"class_list":["post-11555","post","type-post","status-publish","format-standard","has-post-thumbnail","hentry","category-noticias"],"acf":[],"yoast_head":"<!-- This site is optimized with the Yoast SEO plugin v27.5 - https:\/\/yoast.com\/product\/yoast-seo-wordpress\/ -->\n<title>El presidente del COMLL, Dr. Ramon Mur, nuevo presidente del Consell de Col\u00b7legis de Metges de Catalunya - Col\u00b7legi Oficial de Metges de Lleida<\/title>\n<meta name=\"robots\" content=\"index, follow, max-snippet:-1, max-image-preview:large, max-video-preview:-1\" \/>\n<link rel=\"canonical\" href=\"https:\/\/www.comll.cat\/es\/el-president-del-comll-dr-ramon-mur-nou-president-del-consell-de-col\u00b7legis-de-metges-de-catalunya\/\" \/>\n<meta property=\"og:locale\" content=\"es_ES\" \/>\n<meta property=\"og:type\" content=\"article\" \/>\n<meta property=\"og:title\" content=\"El presidente del COMLL, Dr. Ramon Mur, nuevo presidente del Consell de Col\u00b7legis de Metges de Catalunya - Col\u00b7legi Oficial de Metges de Lleida\" \/>\n<meta property=\"og:description\" content=\"El actual presidente del Colegio de M\u00e9dicos de Lleida (COMLL),\u00a0Ram\u00f3n Mur, asumi\u00f3, el pasado\u00a019 de marzo, la\u00a0presidencia del Consell de...\" \/>\n<meta property=\"og:url\" content=\"https:\/\/www.comll.cat\/es\/el-president-del-comll-dr-ramon-mur-nou-president-del-consell-de-col\u00b7legis-de-metges-de-catalunya\/\" \/>\n<meta property=\"og:site_name\" content=\"Col\u00b7legi Oficial de Metges de Lleida\" \/>\n<meta property=\"article:published_time\" content=\"2025-03-21T11:16:18+00:00\" \/>\n<meta property=\"article:modified_time\" content=\"2025-03-21T11:16:20+00:00\" \/>\n<meta property=\"og:image\" content=\"https:\/\/www.comll.cat\/es\/wp-content\/uploads\/sites\/3\/ccmc.png\" \/>\n\t<meta property=\"og:image:width\" content=\"1600\" \/>\n\t<meta property=\"og:image:height\" content=\"900\" \/>\n\t<meta property=\"og:image:type\" content=\"image\/png\" \/>\n<meta name=\"author\" content=\"comll\" \/>\n<meta name=\"twitter:card\" content=\"summary_large_image\" \/>\n<script type=\"application\/ld+json\" class=\"yoast-schema-graph\">{\"@context\":\"https:\\\/\\\/schema.org\",\"@graph\":[{\"@type\":\"Article\",\"@id\":\"https:\\\/\\\/www.comll.cat\\\/es\\\/el-president-del-comll-dr-ramon-mur-nou-president-del-consell-de-col%c2%b7legis-de-metges-de-catalunya\\\/#article\",\"isPartOf\":{\"@id\":\"https:\\\/\\\/www.comll.cat\\\/es\\\/el-president-del-comll-dr-ramon-mur-nou-president-del-consell-de-col%c2%b7legis-de-metges-de-catalunya\\\/\"},\"author\":{\"name\":\"comll\",\"@id\":\"https:\\\/\\\/www.comll.cat\\\/es\\\/#\\\/schema\\\/person\\\/4013951a5e98fc334e3cbb7aea9bdf48\"},\"headline\":\"El presidente del COMLL, Dr. Ramon Mur, nuevo presidente del Consell de Col\u00b7legis de Metges de Catalunya\",\"datePublished\":\"2025-03-21T11:16:18+00:00\",\"dateModified\":\"2025-03-21T11:16:20+00:00\",\"mainEntityOfPage\":{\"@id\":\"https:\\\/\\\/www.comll.cat\\\/es\\\/el-president-del-comll-dr-ramon-mur-nou-president-del-consell-de-col%c2%b7legis-de-metges-de-catalunya\\\/\"},\"wordCount\":151,\"image\":{\"@id\":\"https:\\\/\\\/www.comll.cat\\\/es\\\/el-president-del-comll-dr-ramon-mur-nou-president-del-consell-de-col%c2%b7legis-de-metges-de-catalunya\\\/#primaryimage\"},\"thumbnailUrl\":\"https:\\\/\\\/www.comll.cat\\\/es\\\/wp-content\\\/uploads\\\/sites\\\/3\\\/ccmc.png\",\"articleSection\":[\"Noticias\"],\"inLanguage\":\"es\"},{\"@type\":\"WebPage\",\"@id\":\"https:\\\/\\\/www.comll.cat\\\/es\\\/el-president-del-comll-dr-ramon-mur-nou-president-del-consell-de-col%c2%b7legis-de-metges-de-catalunya\\\/\",\"url\":\"https:\\\/\\\/www.comll.cat\\\/es\\\/el-president-del-comll-dr-ramon-mur-nou-president-del-consell-de-col%c2%b7legis-de-metges-de-catalunya\\\/\",\"name\":\"El presidente del COMLL, Dr. Ramon Mur, nuevo presidente del Consell de Col\u00b7legis de Metges de Catalunya - Col\u00b7legi Oficial de Metges de Lleida\",\"isPartOf\":{\"@id\":\"https:\\\/\\\/www.comll.cat\\\/es\\\/#website\"},\"primaryImageOfPage\":{\"@id\":\"https:\\\/\\\/www.comll.cat\\\/es\\\/el-president-del-comll-dr-ramon-mur-nou-president-del-consell-de-col%c2%b7legis-de-metges-de-catalunya\\\/#primaryimage\"},\"image\":{\"@id\":\"https:\\\/\\\/www.comll.cat\\\/es\\\/el-president-del-comll-dr-ramon-mur-nou-president-del-consell-de-col%c2%b7legis-de-metges-de-catalunya\\\/#primaryimage\"},\"thumbnailUrl\":\"https:\\\/\\\/www.comll.cat\\\/es\\\/wp-content\\\/uploads\\\/sites\\\/3\\\/ccmc.png\",\"datePublished\":\"2025-03-21T11:16:18+00:00\",\"dateModified\":\"2025-03-21T11:16:20+00:00\",\"author\":{\"@id\":\"https:\\\/\\\/www.comll.cat\\\/es\\\/#\\\/schema\\\/person\\\/4013951a5e98fc334e3cbb7aea9bdf48\"},\"breadcrumb\":{\"@id\":\"https:\\\/\\\/www.comll.cat\\\/es\\\/el-president-del-comll-dr-ramon-mur-nou-president-del-consell-de-col%c2%b7legis-de-metges-de-catalunya\\\/#breadcrumb\"},\"inLanguage\":\"es\",\"potentialAction\":[{\"@type\":\"ReadAction\",\"target\":[\"https:\\\/\\\/www.comll.cat\\\/es\\\/el-president-del-comll-dr-ramon-mur-nou-president-del-consell-de-col%c2%b7legis-de-metges-de-catalunya\\\/\"]}]},{\"@type\":\"ImageObject\",\"inLanguage\":\"es\",\"@id\":\"https:\\\/\\\/www.comll.cat\\\/es\\\/el-president-del-comll-dr-ramon-mur-nou-president-del-consell-de-col%c2%b7legis-de-metges-de-catalunya\\\/#primaryimage\",\"url\":\"https:\\\/\\\/www.comll.cat\\\/es\\\/wp-content\\\/uploads\\\/sites\\\/3\\\/ccmc.png\",\"contentUrl\":\"https:\\\/\\\/www.comll.cat\\\/es\\\/wp-content\\\/uploads\\\/sites\\\/3\\\/ccmc.png\",\"width\":1600,\"height\":900},{\"@type\":\"BreadcrumbList\",\"@id\":\"https:\\\/\\\/www.comll.cat\\\/es\\\/el-president-del-comll-dr-ramon-mur-nou-president-del-consell-de-col%c2%b7legis-de-metges-de-catalunya\\\/#breadcrumb\",\"itemListElement\":[{\"@type\":\"ListItem\",\"position\":1,\"name\":\"Portada\",\"item\":\"https:\\\/\\\/www.comll.cat\\\/es\\\/\"},{\"@type\":\"ListItem\",\"position\":2,\"name\":\"El presidente del COMLL, Dr. Ramon Mur, nuevo presidente del Consell de Col\u00b7legis de Metges de Catalunya\"}]},{\"@type\":\"WebSite\",\"@id\":\"https:\\\/\\\/www.comll.cat\\\/es\\\/#website\",\"url\":\"https:\\\/\\\/www.comll.cat\\\/es\\\/\",\"name\":\"Col\u00b7legi Oficial de Metges de Lleida\",\"description\":\"COMLL\",\"potentialAction\":[{\"@type\":\"SearchAction\",\"target\":{\"@type\":\"EntryPoint\",\"urlTemplate\":\"https:\\\/\\\/www.comll.cat\\\/es\\\/?s={search_term_string}\"},\"query-input\":{\"@type\":\"PropertyValueSpecification\",\"valueRequired\":true,\"valueName\":\"search_term_string\"}}],\"inLanguage\":\"es\"},{\"@type\":\"Person\",\"@id\":\"https:\\\/\\\/www.comll.cat\\\/es\\\/#\\\/schema\\\/person\\\/4013951a5e98fc334e3cbb7aea9bdf48\",\"name\":\"comll\",\"image\":{\"@type\":\"ImageObject\",\"inLanguage\":\"es\",\"@id\":\"https:\\\/\\\/secure.gravatar.com\\\/avatar\\\/7d9c56d88c214c8f2f1e594a299566f5bebc17cb9d23743059ec64bf40926d5e?s=96&d=mm&r=g\",\"url\":\"https:\\\/\\\/secure.gravatar.com\\\/avatar\\\/7d9c56d88c214c8f2f1e594a299566f5bebc17cb9d23743059ec64bf40926d5e?s=96&d=mm&r=g\",\"contentUrl\":\"https:\\\/\\\/secure.gravatar.com\\\/avatar\\\/7d9c56d88c214c8f2f1e594a299566f5bebc17cb9d23743059ec64bf40926d5e?s=96&d=mm&r=g\",\"caption\":\"comll\"}}]}<\/script>\n<!-- \/ Yoast SEO plugin. -->","yoast_head_json":{"title":"El presidente del COMLL, Dr. Ramon Mur, nuevo presidente del Consell de Col\u00b7legis de Metges de Catalunya - Col\u00b7legi Oficial de Metges de Lleida","robots":{"index":"index","follow":"follow","max-snippet":"max-snippet:-1","max-image-preview":"max-image-preview:large","max-video-preview":"max-video-preview:-1"},"canonical":"https:\/\/www.comll.cat\/es\/el-president-del-comll-dr-ramon-mur-nou-president-del-consell-de-col\u00b7legis-de-metges-de-catalunya\/","og_locale":"es_ES","og_type":"article","og_title":"El presidente del COMLL, Dr. Ramon Mur, nuevo presidente del Consell de Col\u00b7legis de Metges de Catalunya - Col\u00b7legi Oficial de Metges de Lleida","og_description":"El actual presidente del Colegio de M\u00e9dicos de Lleida (COMLL),\u00a0Ram\u00f3n Mur, asumi\u00f3, el pasado\u00a019 de marzo, la\u00a0presidencia del Consell de...","og_url":"https:\/\/www.comll.cat\/es\/el-president-del-comll-dr-ramon-mur-nou-president-del-consell-de-col\u00b7legis-de-metges-de-catalunya\/","og_site_name":"Col\u00b7legi Oficial de Metges de Lleida","article_published_time":"2025-03-21T11:16:18+00:00","article_modified_time":"2025-03-21T11:16:20+00:00","og_image":[{"width":1600,"height":900,"url":"https:\/\/www.comll.cat\/es\/wp-content\/uploads\/sites\/3\/ccmc.png","type":"image\/png"}],"author":"comll","twitter_card":"summary_large_image","schema":{"@context":"https:\/\/schema.org","@graph":[{"@type":"Article","@id":"https:\/\/www.comll.cat\/es\/el-president-del-comll-dr-ramon-mur-nou-president-del-consell-de-col%c2%b7legis-de-metges-de-catalunya\/#article","isPartOf":{"@id":"https:\/\/www.comll.cat\/es\/el-president-del-comll-dr-ramon-mur-nou-president-del-consell-de-col%c2%b7legis-de-metges-de-catalunya\/"},"author":{"name":"comll","@id":"https:\/\/www.comll.cat\/es\/#\/schema\/person\/4013951a5e98fc334e3cbb7aea9bdf48"},"headline":"El presidente del COMLL, Dr. Ramon Mur, nuevo presidente del Consell de Col\u00b7legis de Metges de Catalunya","datePublished":"2025-03-21T11:16:18+00:00","dateModified":"2025-03-21T11:16:20+00:00","mainEntityOfPage":{"@id":"https:\/\/www.comll.cat\/es\/el-president-del-comll-dr-ramon-mur-nou-president-del-consell-de-col%c2%b7legis-de-metges-de-catalunya\/"},"wordCount":151,"image":{"@id":"https:\/\/www.comll.cat\/es\/el-president-del-comll-dr-ramon-mur-nou-president-del-consell-de-col%c2%b7legis-de-metges-de-catalunya\/#primaryimage"},"thumbnailUrl":"https:\/\/www.comll.cat\/es\/wp-content\/uploads\/sites\/3\/ccmc.png","articleSection":["Noticias"],"inLanguage":"es"},{"@type":"WebPage","@id":"https:\/\/www.comll.cat\/es\/el-president-del-comll-dr-ramon-mur-nou-president-del-consell-de-col%c2%b7legis-de-metges-de-catalunya\/","url":"https:\/\/www.comll.cat\/es\/el-president-del-comll-dr-ramon-mur-nou-president-del-consell-de-col%c2%b7legis-de-metges-de-catalunya\/","name":"El presidente del COMLL, Dr. Ramon Mur, nuevo presidente del Consell de Col\u00b7legis de Metges de Catalunya - Col\u00b7legi Oficial de Metges de Lleida","isPartOf":{"@id":"https:\/\/www.comll.cat\/es\/#website"},"primaryImageOfPage":{"@id":"https:\/\/www.comll.cat\/es\/el-president-del-comll-dr-ramon-mur-nou-president-del-consell-de-col%c2%b7legis-de-metges-de-catalunya\/#primaryimage"},"image":{"@id":"https:\/\/www.comll.cat\/es\/el-president-del-comll-dr-ramon-mur-nou-president-del-consell-de-col%c2%b7legis-de-metges-de-catalunya\/#primaryimage"},"thumbnailUrl":"https:\/\/www.comll.cat\/es\/wp-content\/uploads\/sites\/3\/ccmc.png","datePublished":"2025-03-21T11:16:18+00:00","dateModified":"2025-03-21T11:16:20+00:00","author":{"@id":"https:\/\/www.comll.cat\/es\/#\/schema\/person\/4013951a5e98fc334e3cbb7aea9bdf48"},"breadcrumb":{"@id":"https:\/\/www.comll.cat\/es\/el-president-del-comll-dr-ramon-mur-nou-president-del-consell-de-col%c2%b7legis-de-metges-de-catalunya\/#breadcrumb"},"inLanguage":"es","potentialAction":[{"@type":"ReadAction","target":["https:\/\/www.comll.cat\/es\/el-president-del-comll-dr-ramon-mur-nou-president-del-consell-de-col%c2%b7legis-de-metges-de-catalunya\/"]}]},{"@type":"ImageObject","inLanguage":"es","@id":"https:\/\/www.comll.cat\/es\/el-president-del-comll-dr-ramon-mur-nou-president-del-consell-de-col%c2%b7legis-de-metges-de-catalunya\/#primaryimage","url":"https:\/\/www.comll.cat\/es\/wp-content\/uploads\/sites\/3\/ccmc.png","contentUrl":"https:\/\/www.comll.cat\/es\/wp-content\/uploads\/sites\/3\/ccmc.png","width":1600,"height":900},{"@type":"BreadcrumbList","@id":"https:\/\/www.comll.cat\/es\/el-president-del-comll-dr-ramon-mur-nou-president-del-consell-de-col%c2%b7legis-de-metges-de-catalunya\/#breadcrumb","itemListElement":[{"@type":"ListItem","position":1,"name":"Portada","item":"https:\/\/www.comll.cat\/es\/"},{"@type":"ListItem","position":2,"name":"El presidente del COMLL, Dr. Ramon Mur, nuevo presidente del Consell de Col\u00b7legis de Metges de Catalunya"}]},{"@type":"WebSite","@id":"https:\/\/www.comll.cat\/es\/#website","url":"https:\/\/www.comll.cat\/es\/","name":"Col\u00b7legi Oficial de Metges de Lleida","description":"COMLL","potentialAction":[{"@type":"SearchAction","target":{"@type":"EntryPoint","urlTemplate":"https:\/\/www.comll.cat\/es\/?s={search_term_string}"},"query-input":{"@type":"PropertyValueSpecification","valueRequired":true,"valueName":"search_term_string"}}],"inLanguage":"es"},{"@type":"Person","@id":"https:\/\/www.comll.cat\/es\/#\/schema\/person\/4013951a5e98fc334e3cbb7aea9bdf48","name":"comll","image":{"@type":"ImageObject","inLanguage":"es","@id":"https:\/\/secure.gravatar.com\/avatar\/7d9c56d88c214c8f2f1e594a299566f5bebc17cb9d23743059ec64bf40926d5e?s=96&d=mm&r=g","url":"https:\/\/secure.gravatar.com\/avatar\/7d9c56d88c214c8f2f1e594a299566f5bebc17cb9d23743059ec64bf40926d5e?s=96&d=mm&r=g","contentUrl":"https:\/\/secure.gravatar.com\/avatar\/7d9c56d88c214c8f2f1e594a299566f5bebc17cb9d23743059ec64bf40926d5e?s=96&d=mm&r=g","caption":"comll"}}]}},"publishpress_future_action":{"enabled":false,"date":"2026-05-01 00:16:40","action":"change-status","newStatus":"draft","terms":[],"taxonomy":"category","extraData":[]},"publishpress_future_workflow_manual_trigger":{"enabledWorkflows":[]},"_links":{"self":[{"href":"https:\/\/www.comll.cat\/es\/wp-json\/wp\/v2\/posts\/11555","targetHints":{"allow":["GET"]}}],"collection":[{"href":"https:\/\/www.comll.cat\/es\/wp-json\/wp\/v2\/posts"}],"about":[{"href":"https:\/\/www.comll.cat\/es\/wp-json\/wp\/v2\/types\/post"}],"author":[{"embeddable":true,"href":"https:\/\/www.comll.cat\/es\/wp-json\/wp\/v2\/users\/4"}],"replies":[{"embeddable":true,"href":"https:\/\/www.comll.cat\/es\/wp-json\/wp\/v2\/comments?post=11555"}],"version-history":[{"count":1,"href":"https:\/\/www.comll.cat\/es\/wp-json\/wp\/v2\/posts\/11555\/revisions"}],"predecessor-version":[{"id":11557,"href":"https:\/\/www.comll.cat\/es\/wp-json\/wp\/v2\/posts\/11555\/revisions\/11557"}],"wp:featuredmedia":[{"embeddable":true,"href":"https:\/\/www.comll.cat\/es\/wp-json\/wp\/v2\/media\/11556"}],"wp:attachment":[{"href":"https:\/\/www.comll.cat\/es\/wp-json\/wp\/v2\/media?parent=11555"}],"wp:term":[{"taxonomy":"category","embeddable":true,"href":"https:\/\/www.comll.cat\/es\/wp-json\/wp\/v2\/categories?post=11555"},{"taxonomy":"post_tag","embeddable":true,"href":"https:\/\/www.comll.cat\/es\/wp-json\/wp\/v2\/tags?post=11555"}],"curies":[{"name":"wp","href":"https:\/\/api.w.org\/{rel}","templated":true}]}}