{"id":11291,"date":"2025-02-25T11:50:47","date_gmt":"2025-02-25T10:50:47","guid":{"rendered":"https:\/\/www.comll.cat\/es\/?p=11291"},"modified":"2025-03-11T13:34:18","modified_gmt":"2025-03-11T12:34:18","slug":"visita-monestir-de-les-franqueses-i-sero","status":"publish","type":"post","link":"https:\/\/www.comll.cat\/es\/visita-monestir-de-les-franqueses-i-sero\/","title":{"rendered":"Visita Monasterio de Les Franqueses y Ser\u00f3"},"content":{"rendered":"\n<p>La Secci\u00f3n de M\u00e9dicos Seniors ha organizado una salida el mi\u00e9rcoles 5 de marzo, para visitar los siguientes espacios:<\/p>\n\n\n\n<ul class=\"wp-block-list\">\n<li>Monasterio de Santa Maria de les Franqueses, conjunto arquitect\u00f3nico del arte rom\u00e1nico catal\u00e1n<\/li>\n\n\n\n<li>Espacio Transmisor de Ser\u00f3, donde se allojan las estatuas-menhires de Ser\u00f3<br><\/li>\n\n\n\n<li>Horario:<\/li>\n<\/ul>\n\n\n\n<ul class=\"wp-block-list\">\n<li>Salida a las 9:00 h en autocar desde la parada que se encuentra ante la entrada principal del Hospital Santa Maria. Esta parada se encuentra ante el Colegio, pero en el otro lado de la avenida<\/li>\n\n\n\n<li>Vuelta aprox. a las 14:15 a la misma parada<\/li>\n\n\n\n<li>Precio por persona: 20\u20ac, incluye transporte en autocar y visitas guiadas.<\/li>\n<\/ul>\n\n\n\n<p> <em>En caso de desplazamiento con veh\u00edculo propio, el precio ser\u00eda de 5\u20ac per persona. Para realizar la inscripci\u00f3n y el pago en estos casos, p\u00f3ngase en contacto con el colegio.\u00a0<\/em><\/p>\n\n\n\n<p>Para facilitarles la comida de la comida de aquel d\u00eda, pueden hacer la reserva de su men\u00fa en el <a href=\"https:\/\/comll.ilersis.org\/ca\/\">servicio de restauraci\u00f3n del COMLL<\/a> y elegir entre dos opciones:<\/p>\n\n\n\n<ul class=\"wp-block-list\">\n<li>disfrutar su comida saludable con otros compa\u00f1eros en el Casal del M\u00e9dico del Colegio, o<\/li>\n\n\n\n<li>degustarlo en su casa, eligiendo la opci\u00f3n \"Para llevar\"<\/li>\n<\/ul>\n\n\n\n<p><a href=\"https:\/\/www.comll.cat\/visita-monestir-de-les-franqueses-i-sero\/\">Formulario de inscripci\u00f3n y pago 20\u20ac<\/a><\/p>\n","protected":false},"excerpt":{"rendered":"<p>La Secci\u00f3n de M\u00e9dicos Seniors ha organizado una salida el mi\u00e9rcoles 5 de marzo, para visitar los siguientes espacios: En...<\/p>\n","protected":false},"author":4,"featured_media":11125,"comment_status":"closed","ping_status":"closed","sticky":false,"template":"","format":"standard","meta":{"_acf_changed":false,"inline_featured_image":false,"footnotes":""},"categories":[18],"tags":[],"class_list":["post-11291","post","type-post","status-publish","format-standard","has-post-thumbnail","hentry","category-noticias"],"acf":[],"yoast_head":"<!-- This site is optimized with the Yoast SEO plugin v27.5 - https:\/\/yoast.com\/product\/yoast-seo-wordpress\/ -->\n<title>Visita Monasterio de Les Franqueses y Ser\u00f3 - Col\u00b7legi Oficial de Metges de Lleida<\/title>\n<meta name=\"robots\" content=\"index, follow, max-snippet:-1, max-image-preview:large, max-video-preview:-1\" \/>\n<link rel=\"canonical\" href=\"https:\/\/www.comll.cat\/es\/visita-monestir-de-les-franqueses-i-sero\/\" \/>\n<meta property=\"og:locale\" content=\"es_ES\" \/>\n<meta property=\"og:type\" content=\"article\" \/>\n<meta property=\"og:title\" content=\"Visita Monasterio de Les Franqueses y Ser\u00f3 - Col\u00b7legi Oficial de Metges de Lleida\" \/>\n<meta property=\"og:description\" content=\"La Secci\u00f3n de M\u00e9dicos Seniors ha organizado una salida el mi\u00e9rcoles 5 de marzo, para visitar los siguientes espacios: En...\" \/>\n<meta property=\"og:url\" content=\"https:\/\/www.comll.cat\/es\/visita-monestir-de-les-franqueses-i-sero\/\" \/>\n<meta property=\"og:site_name\" content=\"Col\u00b7legi Oficial de Metges de Lleida\" \/>\n<meta property=\"article:published_time\" content=\"2025-02-25T10:50:47+00:00\" \/>\n<meta property=\"article:modified_time\" content=\"2025-03-11T12:34:18+00:00\" \/>\n<meta property=\"og:image\" content=\"https:\/\/www.comll.cat\/es\/wp-content\/uploads\/sites\/3\/franqueses-03.jpg\" \/>\n\t<meta property=\"og:image:width\" content=\"450\" \/>\n\t<meta property=\"og:image:height\" content=\"300\" \/>\n\t<meta property=\"og:image:type\" content=\"image\/jpeg\" \/>\n<meta name=\"author\" content=\"comll\" \/>\n<meta name=\"twitter:card\" content=\"summary_large_image\" \/>\n<script type=\"application\/ld+json\" class=\"yoast-schema-graph\">{\"@context\":\"https:\\\/\\\/schema.org\",\"@graph\":[{\"@type\":\"Article\",\"@id\":\"https:\\\/\\\/www.comll.cat\\\/es\\\/visita-monestir-de-les-franqueses-i-sero\\\/#article\",\"isPartOf\":{\"@id\":\"https:\\\/\\\/www.comll.cat\\\/es\\\/visita-monestir-de-les-franqueses-i-sero\\\/\"},\"author\":{\"name\":\"comll\",\"@id\":\"https:\\\/\\\/www.comll.cat\\\/es\\\/#\\\/schema\\\/person\\\/4013951a5e98fc334e3cbb7aea9bdf48\"},\"headline\":\"Visita Monasterio de Les Franqueses y Ser\u00f3\",\"datePublished\":\"2025-02-25T10:50:47+00:00\",\"dateModified\":\"2025-03-11T12:34:18+00:00\",\"mainEntityOfPage\":{\"@id\":\"https:\\\/\\\/www.comll.cat\\\/es\\\/visita-monestir-de-les-franqueses-i-sero\\\/\"},\"wordCount\":206,\"image\":{\"@id\":\"https:\\\/\\\/www.comll.cat\\\/es\\\/visita-monestir-de-les-franqueses-i-sero\\\/#primaryimage\"},\"thumbnailUrl\":\"https:\\\/\\\/www.comll.cat\\\/es\\\/wp-content\\\/uploads\\\/sites\\\/3\\\/franqueses-03.jpg\",\"articleSection\":[\"Noticias\"],\"inLanguage\":\"es\"},{\"@type\":\"WebPage\",\"@id\":\"https:\\\/\\\/www.comll.cat\\\/es\\\/visita-monestir-de-les-franqueses-i-sero\\\/\",\"url\":\"https:\\\/\\\/www.comll.cat\\\/es\\\/visita-monestir-de-les-franqueses-i-sero\\\/\",\"name\":\"Visita Monasterio de Les Franqueses y Ser\u00f3 - Col\u00b7legi Oficial de Metges de Lleida\",\"isPartOf\":{\"@id\":\"https:\\\/\\\/www.comll.cat\\\/es\\\/#website\"},\"primaryImageOfPage\":{\"@id\":\"https:\\\/\\\/www.comll.cat\\\/es\\\/visita-monestir-de-les-franqueses-i-sero\\\/#primaryimage\"},\"image\":{\"@id\":\"https:\\\/\\\/www.comll.cat\\\/es\\\/visita-monestir-de-les-franqueses-i-sero\\\/#primaryimage\"},\"thumbnailUrl\":\"https:\\\/\\\/www.comll.cat\\\/es\\\/wp-content\\\/uploads\\\/sites\\\/3\\\/franqueses-03.jpg\",\"datePublished\":\"2025-02-25T10:50:47+00:00\",\"dateModified\":\"2025-03-11T12:34:18+00:00\",\"author\":{\"@id\":\"https:\\\/\\\/www.comll.cat\\\/es\\\/#\\\/schema\\\/person\\\/4013951a5e98fc334e3cbb7aea9bdf48\"},\"breadcrumb\":{\"@id\":\"https:\\\/\\\/www.comll.cat\\\/es\\\/visita-monestir-de-les-franqueses-i-sero\\\/#breadcrumb\"},\"inLanguage\":\"es\",\"potentialAction\":[{\"@type\":\"ReadAction\",\"target\":[\"https:\\\/\\\/www.comll.cat\\\/es\\\/visita-monestir-de-les-franqueses-i-sero\\\/\"]}]},{\"@type\":\"ImageObject\",\"inLanguage\":\"es\",\"@id\":\"https:\\\/\\\/www.comll.cat\\\/es\\\/visita-monestir-de-les-franqueses-i-sero\\\/#primaryimage\",\"url\":\"https:\\\/\\\/www.comll.cat\\\/es\\\/wp-content\\\/uploads\\\/sites\\\/3\\\/franqueses-03.jpg\",\"contentUrl\":\"https:\\\/\\\/www.comll.cat\\\/es\\\/wp-content\\\/uploads\\\/sites\\\/3\\\/franqueses-03.jpg\",\"width\":450,\"height\":300,\"caption\":\"Santa Maria de les Franqueses\"},{\"@type\":\"BreadcrumbList\",\"@id\":\"https:\\\/\\\/www.comll.cat\\\/es\\\/visita-monestir-de-les-franqueses-i-sero\\\/#breadcrumb\",\"itemListElement\":[{\"@type\":\"ListItem\",\"position\":1,\"name\":\"Portada\",\"item\":\"https:\\\/\\\/www.comll.cat\\\/es\\\/\"},{\"@type\":\"ListItem\",\"position\":2,\"name\":\"Visita Monasterio de Les Franqueses y Ser\u00f3\"}]},{\"@type\":\"WebSite\",\"@id\":\"https:\\\/\\\/www.comll.cat\\\/es\\\/#website\",\"url\":\"https:\\\/\\\/www.comll.cat\\\/es\\\/\",\"name\":\"Col\u00b7legi Oficial de Metges de Lleida\",\"description\":\"COMLL\",\"potentialAction\":[{\"@type\":\"SearchAction\",\"target\":{\"@type\":\"EntryPoint\",\"urlTemplate\":\"https:\\\/\\\/www.comll.cat\\\/es\\\/?s={search_term_string}\"},\"query-input\":{\"@type\":\"PropertyValueSpecification\",\"valueRequired\":true,\"valueName\":\"search_term_string\"}}],\"inLanguage\":\"es\"},{\"@type\":\"Person\",\"@id\":\"https:\\\/\\\/www.comll.cat\\\/es\\\/#\\\/schema\\\/person\\\/4013951a5e98fc334e3cbb7aea9bdf48\",\"name\":\"comll\",\"image\":{\"@type\":\"ImageObject\",\"inLanguage\":\"es\",\"@id\":\"https:\\\/\\\/secure.gravatar.com\\\/avatar\\\/7d9c56d88c214c8f2f1e594a299566f5bebc17cb9d23743059ec64bf40926d5e?s=96&d=mm&r=g\",\"url\":\"https:\\\/\\\/secure.gravatar.com\\\/avatar\\\/7d9c56d88c214c8f2f1e594a299566f5bebc17cb9d23743059ec64bf40926d5e?s=96&d=mm&r=g\",\"contentUrl\":\"https:\\\/\\\/secure.gravatar.com\\\/avatar\\\/7d9c56d88c214c8f2f1e594a299566f5bebc17cb9d23743059ec64bf40926d5e?s=96&d=mm&r=g\",\"caption\":\"comll\"}}]}<\/script>\n<!-- \/ Yoast SEO plugin. -->","yoast_head_json":{"title":"Visita Monasterio de Les Franqueses y Ser\u00f3 - Col\u00b7legi Oficial de Metges de Lleida","robots":{"index":"index","follow":"follow","max-snippet":"max-snippet:-1","max-image-preview":"max-image-preview:large","max-video-preview":"max-video-preview:-1"},"canonical":"https:\/\/www.comll.cat\/es\/visita-monestir-de-les-franqueses-i-sero\/","og_locale":"es_ES","og_type":"article","og_title":"Visita Monasterio de Les Franqueses y Ser\u00f3 - Col\u00b7legi Oficial de Metges de Lleida","og_description":"La Secci\u00f3n de M\u00e9dicos Seniors ha organizado una salida el mi\u00e9rcoles 5 de marzo, para visitar los siguientes espacios: En...","og_url":"https:\/\/www.comll.cat\/es\/visita-monestir-de-les-franqueses-i-sero\/","og_site_name":"Col\u00b7legi Oficial de Metges de Lleida","article_published_time":"2025-02-25T10:50:47+00:00","article_modified_time":"2025-03-11T12:34:18+00:00","og_image":[{"width":450,"height":300,"url":"https:\/\/www.comll.cat\/es\/wp-content\/uploads\/sites\/3\/franqueses-03.jpg","type":"image\/jpeg"}],"author":"comll","twitter_card":"summary_large_image","schema":{"@context":"https:\/\/schema.org","@graph":[{"@type":"Article","@id":"https:\/\/www.comll.cat\/es\/visita-monestir-de-les-franqueses-i-sero\/#article","isPartOf":{"@id":"https:\/\/www.comll.cat\/es\/visita-monestir-de-les-franqueses-i-sero\/"},"author":{"name":"comll","@id":"https:\/\/www.comll.cat\/es\/#\/schema\/person\/4013951a5e98fc334e3cbb7aea9bdf48"},"headline":"Visita Monasterio de Les Franqueses y Ser\u00f3","datePublished":"2025-02-25T10:50:47+00:00","dateModified":"2025-03-11T12:34:18+00:00","mainEntityOfPage":{"@id":"https:\/\/www.comll.cat\/es\/visita-monestir-de-les-franqueses-i-sero\/"},"wordCount":206,"image":{"@id":"https:\/\/www.comll.cat\/es\/visita-monestir-de-les-franqueses-i-sero\/#primaryimage"},"thumbnailUrl":"https:\/\/www.comll.cat\/es\/wp-content\/uploads\/sites\/3\/franqueses-03.jpg","articleSection":["Noticias"],"inLanguage":"es"},{"@type":"WebPage","@id":"https:\/\/www.comll.cat\/es\/visita-monestir-de-les-franqueses-i-sero\/","url":"https:\/\/www.comll.cat\/es\/visita-monestir-de-les-franqueses-i-sero\/","name":"Visita Monasterio de Les Franqueses y Ser\u00f3 - Col\u00b7legi Oficial de Metges de Lleida","isPartOf":{"@id":"https:\/\/www.comll.cat\/es\/#website"},"primaryImageOfPage":{"@id":"https:\/\/www.comll.cat\/es\/visita-monestir-de-les-franqueses-i-sero\/#primaryimage"},"image":{"@id":"https:\/\/www.comll.cat\/es\/visita-monestir-de-les-franqueses-i-sero\/#primaryimage"},"thumbnailUrl":"https:\/\/www.comll.cat\/es\/wp-content\/uploads\/sites\/3\/franqueses-03.jpg","datePublished":"2025-02-25T10:50:47+00:00","dateModified":"2025-03-11T12:34:18+00:00","author":{"@id":"https:\/\/www.comll.cat\/es\/#\/schema\/person\/4013951a5e98fc334e3cbb7aea9bdf48"},"breadcrumb":{"@id":"https:\/\/www.comll.cat\/es\/visita-monestir-de-les-franqueses-i-sero\/#breadcrumb"},"inLanguage":"es","potentialAction":[{"@type":"ReadAction","target":["https:\/\/www.comll.cat\/es\/visita-monestir-de-les-franqueses-i-sero\/"]}]},{"@type":"ImageObject","inLanguage":"es","@id":"https:\/\/www.comll.cat\/es\/visita-monestir-de-les-franqueses-i-sero\/#primaryimage","url":"https:\/\/www.comll.cat\/es\/wp-content\/uploads\/sites\/3\/franqueses-03.jpg","contentUrl":"https:\/\/www.comll.cat\/es\/wp-content\/uploads\/sites\/3\/franqueses-03.jpg","width":450,"height":300,"caption":"Santa Maria de les Franqueses"},{"@type":"BreadcrumbList","@id":"https:\/\/www.comll.cat\/es\/visita-monestir-de-les-franqueses-i-sero\/#breadcrumb","itemListElement":[{"@type":"ListItem","position":1,"name":"Portada","item":"https:\/\/www.comll.cat\/es\/"},{"@type":"ListItem","position":2,"name":"Visita Monasterio de Les Franqueses y Ser\u00f3"}]},{"@type":"WebSite","@id":"https:\/\/www.comll.cat\/es\/#website","url":"https:\/\/www.comll.cat\/es\/","name":"Col\u00b7legi Oficial de Metges de Lleida","description":"COMLL","potentialAction":[{"@type":"SearchAction","target":{"@type":"EntryPoint","urlTemplate":"https:\/\/www.comll.cat\/es\/?s={search_term_string}"},"query-input":{"@type":"PropertyValueSpecification","valueRequired":true,"valueName":"search_term_string"}}],"inLanguage":"es"},{"@type":"Person","@id":"https:\/\/www.comll.cat\/es\/#\/schema\/person\/4013951a5e98fc334e3cbb7aea9bdf48","name":"comll","image":{"@type":"ImageObject","inLanguage":"es","@id":"https:\/\/secure.gravatar.com\/avatar\/7d9c56d88c214c8f2f1e594a299566f5bebc17cb9d23743059ec64bf40926d5e?s=96&d=mm&r=g","url":"https:\/\/secure.gravatar.com\/avatar\/7d9c56d88c214c8f2f1e594a299566f5bebc17cb9d23743059ec64bf40926d5e?s=96&d=mm&r=g","contentUrl":"https:\/\/secure.gravatar.com\/avatar\/7d9c56d88c214c8f2f1e594a299566f5bebc17cb9d23743059ec64bf40926d5e?s=96&d=mm&r=g","caption":"comll"}}]}},"publishpress_future_action":{"enabled":false,"date":"2026-04-30 03:20:18","action":"change-status","newStatus":"draft","terms":[],"taxonomy":"category","extraData":[]},"publishpress_future_workflow_manual_trigger":{"enabledWorkflows":[]},"_links":{"self":[{"href":"https:\/\/www.comll.cat\/es\/wp-json\/wp\/v2\/posts\/11291","targetHints":{"allow":["GET"]}}],"collection":[{"href":"https:\/\/www.comll.cat\/es\/wp-json\/wp\/v2\/posts"}],"about":[{"href":"https:\/\/www.comll.cat\/es\/wp-json\/wp\/v2\/types\/post"}],"author":[{"embeddable":true,"href":"https:\/\/www.comll.cat\/es\/wp-json\/wp\/v2\/users\/4"}],"replies":[{"embeddable":true,"href":"https:\/\/www.comll.cat\/es\/wp-json\/wp\/v2\/comments?post=11291"}],"version-history":[{"count":3,"href":"https:\/\/www.comll.cat\/es\/wp-json\/wp\/v2\/posts\/11291\/revisions"}],"predecessor-version":[{"id":11294,"href":"https:\/\/www.comll.cat\/es\/wp-json\/wp\/v2\/posts\/11291\/revisions\/11294"}],"wp:featuredmedia":[{"embeddable":true,"href":"https:\/\/www.comll.cat\/es\/wp-json\/wp\/v2\/media\/11125"}],"wp:attachment":[{"href":"https:\/\/www.comll.cat\/es\/wp-json\/wp\/v2\/media?parent=11291"}],"wp:term":[{"taxonomy":"category","embeddable":true,"href":"https:\/\/www.comll.cat\/es\/wp-json\/wp\/v2\/categories?post=11291"},{"taxonomy":"post_tag","embeddable":true,"href":"https:\/\/www.comll.cat\/es\/wp-json\/wp\/v2\/tags?post=11291"}],"curies":[{"name":"wp","href":"https:\/\/api.w.org\/{rel}","templated":true}]}}