{"id":1103,"date":"2020-02-06T16:47:44","date_gmt":"2020-02-06T15:47:44","guid":{"rendered":"https:\/\/www.comll.cat\/el-collegi-de-metges-de-barcelona-organitza-la-jornada-per-a-metges-i-metgesses-amb-fills-i-filles-adolescents\/"},"modified":"2020-02-06T16:47:44","modified_gmt":"2020-02-06T15:47:44","slug":"el-collegi-de-metges-de-barcelona-organitza-la-jornada-per-a-metges-i-metgesses-amb-fills-i-filles-adolescents","status":"publish","type":"post","link":"https:\/\/www.comll.cat\/es\/el-collegi-de-metges-de-barcelona-organitza-la-jornada-per-a-metges-i-metgesses-amb-fills-i-filles-adolescents\/","title":{"rendered":"El Col\u00b7legi de Metges de Barcelona organitza la \u201cJornada per a metges i metgesses amb fills i filles adolescents\u201d"},"content":{"rendered":"<p><img loading=\"lazy\" decoding=\"async\" class=\"alignnone size-medium wp-image-21648\" src=\"https:\/\/www.comll.cat\/wp-content\/uploads\/sites\/3\/adolescent-297x300.png\" alt=\"Adolescent\" width=\"297\" height=\"300\" \/><\/p>\n<p>El Col\u00b7legi de Metges de Barcelona organitza la <em>Jornada per a metges i metgesses amb fills i filles adolescents<\/em>, que tindr\u00e0 lloc el dijous 27 de febrer, de les 9.00 a les 18.00 hores, a la seu col\u00b7legial (Passeig de la Bonanova, 47 \u2013 Barcelona). L\u2019objectiu \u00e9s oferir en forma de guia diverses pautes per prevenir comportaments de risc espec\u00edfics.<\/p>\n<p>Els ponents seran:<\/p>\n<table width=\"100%\">\n<tbody>\n<tr>\n<td>\u00b7\u00a0\u00a0\u00a0\u00a0\u00a0Jordi Royo i Isach, director cl\u00ednic d\u2019Amalgama7<\/p>\n<p>\u00b7\u00a0\u00a0\u00a0\u00a0\u00a0Ramon Mart\u00ed i Montraveta, director de l\u2019\u00c0rea Medico-psiqui\u00e0trica d\u2019Amalgama7<\/p>\n<p>\u00b7\u00a0\u00a0\u00a0\u00a0\u00a0Pere Bonet i Dalmau, president del Cl\u00faster de Salut Mental de Catalunya<\/p>\n<p>\u00b7\u00a0\u00a0\u00a0\u00a0\u00a0Adela Masana i Mar\u00edn, directora de l\u2019\u00c0rea Medico-psiqui\u00e0trica CTE Can Ros, - Amalgama7<\/p>\n<p>\u00b7\u00a0\u00a0\u00a0\u00a0\u00a0M. \u00c0ngels Feliu i Zapata, directora cl\u00ednica del Centre Sociosanitari Ambulatori de Barcelona, Amalgama7<\/p>\n<p>\u00b7\u00a0\u00a0\u00a0\u00a0\u00a0Laia Caparr\u00f3s i Xixons, psiquiatra CTE Can Ros, Amalgama7<\/p>\n<p>\u00b7\u00a0\u00a0\u00a0\u00a0\u00a0N\u00faria L\u00f3pez Matons, neuropsic\u00f2loga del Grup Mutuam<\/p>\n<p>&nbsp;<\/p>\n<p>La jornada \u00e9s gratu\u00efta. Les places s\u00f3n limitades i s\u2019assignaran per ordre d\u2019inscripci\u00f3.<\/p>\n<p>M\u00e9s informaci\u00f3 i inscripcions, a \u00a0<a href=\"https:\/\/www.comb.cat\/Upload\/Documents\/8704.PDF\">https:\/\/www.comb.cat\/Upload\/Documents\/8704.PDF<\/a><\/p>\n<p>&nbsp;<\/td>\n<\/tr>\n<\/tbody>\n<\/table>\n<p>&nbsp;<\/p>\n","protected":false},"excerpt":{"rendered":"<p>El Col\u00b7legi de Metges de Barcelona organitza la Jornada per a metges i metgesses amb fills i filles adolescents, que...<\/p>\n","protected":false},"author":1,"featured_media":1104,"comment_status":"closed","ping_status":"closed","sticky":false,"template":"","format":"standard","meta":{"_acf_changed":false,"inline_featured_image":false,"footnotes":""},"categories":[18],"tags":[],"class_list":["post-1103","post","type-post","status-publish","format-standard","has-post-thumbnail","hentry","category-noticias"],"acf":[],"yoast_head":"<!-- This site is optimized with the Yoast SEO plugin v27.5 - https:\/\/yoast.com\/product\/yoast-seo-wordpress\/ -->\n<title>El Col\u00b7legi de Metges de Barcelona organitza la \u201cJornada per a metges i metgesses amb fills i filles adolescents\u201d - Col\u00b7legi Oficial de Metges de Lleida<\/title>\n<meta name=\"robots\" content=\"index, follow, max-snippet:-1, max-image-preview:large, max-video-preview:-1\" \/>\n<link rel=\"canonical\" href=\"https:\/\/www.comll.cat\/es\/el-collegi-de-metges-de-barcelona-organitza-la-jornada-per-a-metges-i-metgesses-amb-fills-i-filles-adolescents\/\" \/>\n<meta property=\"og:locale\" content=\"es_ES\" \/>\n<meta property=\"og:type\" content=\"article\" \/>\n<meta property=\"og:title\" content=\"El Col\u00b7legi de Metges de Barcelona organitza la \u201cJornada per a metges i metgesses amb fills i filles adolescents\u201d - Col\u00b7legi Oficial de Metges de Lleida\" \/>\n<meta property=\"og:description\" content=\"El Col\u00b7legi de Metges de Barcelona organitza la Jornada per a metges i metgesses amb fills i filles adolescents, que...\" \/>\n<meta property=\"og:url\" content=\"https:\/\/www.comll.cat\/es\/el-collegi-de-metges-de-barcelona-organitza-la-jornada-per-a-metges-i-metgesses-amb-fills-i-filles-adolescents\/\" \/>\n<meta property=\"og:site_name\" content=\"Col\u00b7legi Oficial de Metges de Lleida\" \/>\n<meta property=\"article:published_time\" content=\"2020-02-06T15:47:44+00:00\" \/>\n<meta property=\"og:image\" content=\"https:\/\/www.comll.cat\/es\/wp-content\/uploads\/sites\/3\/adolescent.png\" \/>\n\t<meta property=\"og:image:width\" content=\"660\" \/>\n\t<meta property=\"og:image:height\" content=\"667\" \/>\n\t<meta property=\"og:image:type\" content=\"image\/png\" \/>\n<meta name=\"author\" content=\"Albert\" \/>\n<meta name=\"twitter:card\" content=\"summary_large_image\" \/>\n<script type=\"application\/ld+json\" class=\"yoast-schema-graph\">{\"@context\":\"https:\\\/\\\/schema.org\",\"@graph\":[{\"@type\":\"Article\",\"@id\":\"https:\\\/\\\/www.comll.cat\\\/es\\\/el-collegi-de-metges-de-barcelona-organitza-la-jornada-per-a-metges-i-metgesses-amb-fills-i-filles-adolescents\\\/#article\",\"isPartOf\":{\"@id\":\"https:\\\/\\\/www.comll.cat\\\/es\\\/el-collegi-de-metges-de-barcelona-organitza-la-jornada-per-a-metges-i-metgesses-amb-fills-i-filles-adolescents\\\/\"},\"author\":{\"name\":\"Albert\",\"@id\":\"https:\\\/\\\/www.comll.cat\\\/es\\\/#\\\/schema\\\/person\\\/1c7bc4d83b35a927d680cfe0ec9120e0\"},\"headline\":\"El Col\u00b7legi de Metges de Barcelona organitza la \u201cJornada per a metges i metgesses amb fills i filles adolescents\u201d\",\"datePublished\":\"2020-02-06T15:47:44+00:00\",\"mainEntityOfPage\":{\"@id\":\"https:\\\/\\\/www.comll.cat\\\/es\\\/el-collegi-de-metges-de-barcelona-organitza-la-jornada-per-a-metges-i-metgesses-amb-fills-i-filles-adolescents\\\/\"},\"wordCount\":200,\"image\":{\"@id\":\"https:\\\/\\\/www.comll.cat\\\/es\\\/el-collegi-de-metges-de-barcelona-organitza-la-jornada-per-a-metges-i-metgesses-amb-fills-i-filles-adolescents\\\/#primaryimage\"},\"thumbnailUrl\":\"https:\\\/\\\/www.comll.cat\\\/es\\\/wp-content\\\/uploads\\\/sites\\\/3\\\/adolescent.png\",\"articleSection\":[\"Noticias\"],\"inLanguage\":\"es\"},{\"@type\":\"WebPage\",\"@id\":\"https:\\\/\\\/www.comll.cat\\\/es\\\/el-collegi-de-metges-de-barcelona-organitza-la-jornada-per-a-metges-i-metgesses-amb-fills-i-filles-adolescents\\\/\",\"url\":\"https:\\\/\\\/www.comll.cat\\\/es\\\/el-collegi-de-metges-de-barcelona-organitza-la-jornada-per-a-metges-i-metgesses-amb-fills-i-filles-adolescents\\\/\",\"name\":\"El Col\u00b7legi de Metges de Barcelona organitza la \u201cJornada per a metges i metgesses amb fills i filles adolescents\u201d - Col\u00b7legi Oficial de Metges de Lleida\",\"isPartOf\":{\"@id\":\"https:\\\/\\\/www.comll.cat\\\/es\\\/#website\"},\"primaryImageOfPage\":{\"@id\":\"https:\\\/\\\/www.comll.cat\\\/es\\\/el-collegi-de-metges-de-barcelona-organitza-la-jornada-per-a-metges-i-metgesses-amb-fills-i-filles-adolescents\\\/#primaryimage\"},\"image\":{\"@id\":\"https:\\\/\\\/www.comll.cat\\\/es\\\/el-collegi-de-metges-de-barcelona-organitza-la-jornada-per-a-metges-i-metgesses-amb-fills-i-filles-adolescents\\\/#primaryimage\"},\"thumbnailUrl\":\"https:\\\/\\\/www.comll.cat\\\/es\\\/wp-content\\\/uploads\\\/sites\\\/3\\\/adolescent.png\",\"datePublished\":\"2020-02-06T15:47:44+00:00\",\"author\":{\"@id\":\"https:\\\/\\\/www.comll.cat\\\/es\\\/#\\\/schema\\\/person\\\/1c7bc4d83b35a927d680cfe0ec9120e0\"},\"breadcrumb\":{\"@id\":\"https:\\\/\\\/www.comll.cat\\\/es\\\/el-collegi-de-metges-de-barcelona-organitza-la-jornada-per-a-metges-i-metgesses-amb-fills-i-filles-adolescents\\\/#breadcrumb\"},\"inLanguage\":\"es\",\"potentialAction\":[{\"@type\":\"ReadAction\",\"target\":[\"https:\\\/\\\/www.comll.cat\\\/es\\\/el-collegi-de-metges-de-barcelona-organitza-la-jornada-per-a-metges-i-metgesses-amb-fills-i-filles-adolescents\\\/\"]}]},{\"@type\":\"ImageObject\",\"inLanguage\":\"es\",\"@id\":\"https:\\\/\\\/www.comll.cat\\\/es\\\/el-collegi-de-metges-de-barcelona-organitza-la-jornada-per-a-metges-i-metgesses-amb-fills-i-filles-adolescents\\\/#primaryimage\",\"url\":\"https:\\\/\\\/www.comll.cat\\\/es\\\/wp-content\\\/uploads\\\/sites\\\/3\\\/adolescent.png\",\"contentUrl\":\"https:\\\/\\\/www.comll.cat\\\/es\\\/wp-content\\\/uploads\\\/sites\\\/3\\\/adolescent.png\",\"width\":660,\"height\":667},{\"@type\":\"BreadcrumbList\",\"@id\":\"https:\\\/\\\/www.comll.cat\\\/es\\\/el-collegi-de-metges-de-barcelona-organitza-la-jornada-per-a-metges-i-metgesses-amb-fills-i-filles-adolescents\\\/#breadcrumb\",\"itemListElement\":[{\"@type\":\"ListItem\",\"position\":1,\"name\":\"Portada\",\"item\":\"https:\\\/\\\/www.comll.cat\\\/es\\\/\"},{\"@type\":\"ListItem\",\"position\":2,\"name\":\"El Col\u00b7legi de Metges de Barcelona organitza la \u201cJornada per a metges i metgesses amb fills i filles adolescents\u201d\"}]},{\"@type\":\"WebSite\",\"@id\":\"https:\\\/\\\/www.comll.cat\\\/es\\\/#website\",\"url\":\"https:\\\/\\\/www.comll.cat\\\/es\\\/\",\"name\":\"Col\u00b7legi Oficial de Metges de Lleida\",\"description\":\"COMLL\",\"potentialAction\":[{\"@type\":\"SearchAction\",\"target\":{\"@type\":\"EntryPoint\",\"urlTemplate\":\"https:\\\/\\\/www.comll.cat\\\/es\\\/?s={search_term_string}\"},\"query-input\":{\"@type\":\"PropertyValueSpecification\",\"valueRequired\":true,\"valueName\":\"search_term_string\"}}],\"inLanguage\":\"es\"},{\"@type\":\"Person\",\"@id\":\"https:\\\/\\\/www.comll.cat\\\/es\\\/#\\\/schema\\\/person\\\/1c7bc4d83b35a927d680cfe0ec9120e0\",\"name\":\"Albert\",\"image\":{\"@type\":\"ImageObject\",\"inLanguage\":\"es\",\"@id\":\"https:\\\/\\\/secure.gravatar.com\\\/avatar\\\/c1261138a5e7882394bd9001104fe7078a2d860997555a5353af4ef7bd38f6db?s=96&d=mm&r=g\",\"url\":\"https:\\\/\\\/secure.gravatar.com\\\/avatar\\\/c1261138a5e7882394bd9001104fe7078a2d860997555a5353af4ef7bd38f6db?s=96&d=mm&r=g\",\"contentUrl\":\"https:\\\/\\\/secure.gravatar.com\\\/avatar\\\/c1261138a5e7882394bd9001104fe7078a2d860997555a5353af4ef7bd38f6db?s=96&d=mm&r=g\",\"caption\":\"Albert\"},\"sameAs\":[\"https:\\\/\\\/www.comll.cat\"]}]}<\/script>\n<!-- \/ Yoast SEO plugin. -->","yoast_head_json":{"title":"El Col\u00b7legi de Metges de Barcelona organitza la \u201cJornada per a metges i metgesses amb fills i filles adolescents\u201d - Col\u00b7legi Oficial de Metges de Lleida","robots":{"index":"index","follow":"follow","max-snippet":"max-snippet:-1","max-image-preview":"max-image-preview:large","max-video-preview":"max-video-preview:-1"},"canonical":"https:\/\/www.comll.cat\/es\/el-collegi-de-metges-de-barcelona-organitza-la-jornada-per-a-metges-i-metgesses-amb-fills-i-filles-adolescents\/","og_locale":"es_ES","og_type":"article","og_title":"El Col\u00b7legi de Metges de Barcelona organitza la \u201cJornada per a metges i metgesses amb fills i filles adolescents\u201d - Col\u00b7legi Oficial de Metges de Lleida","og_description":"El Col\u00b7legi de Metges de Barcelona organitza la Jornada per a metges i metgesses amb fills i filles adolescents, que...","og_url":"https:\/\/www.comll.cat\/es\/el-collegi-de-metges-de-barcelona-organitza-la-jornada-per-a-metges-i-metgesses-amb-fills-i-filles-adolescents\/","og_site_name":"Col\u00b7legi Oficial de Metges de Lleida","article_published_time":"2020-02-06T15:47:44+00:00","og_image":[{"width":660,"height":667,"url":"https:\/\/www.comll.cat\/es\/wp-content\/uploads\/sites\/3\/adolescent.png","type":"image\/png"}],"author":"Albert","twitter_card":"summary_large_image","schema":{"@context":"https:\/\/schema.org","@graph":[{"@type":"Article","@id":"https:\/\/www.comll.cat\/es\/el-collegi-de-metges-de-barcelona-organitza-la-jornada-per-a-metges-i-metgesses-amb-fills-i-filles-adolescents\/#article","isPartOf":{"@id":"https:\/\/www.comll.cat\/es\/el-collegi-de-metges-de-barcelona-organitza-la-jornada-per-a-metges-i-metgesses-amb-fills-i-filles-adolescents\/"},"author":{"name":"Albert","@id":"https:\/\/www.comll.cat\/es\/#\/schema\/person\/1c7bc4d83b35a927d680cfe0ec9120e0"},"headline":"El Col\u00b7legi de Metges de Barcelona organitza la \u201cJornada per a metges i metgesses amb fills i filles adolescents\u201d","datePublished":"2020-02-06T15:47:44+00:00","mainEntityOfPage":{"@id":"https:\/\/www.comll.cat\/es\/el-collegi-de-metges-de-barcelona-organitza-la-jornada-per-a-metges-i-metgesses-amb-fills-i-filles-adolescents\/"},"wordCount":200,"image":{"@id":"https:\/\/www.comll.cat\/es\/el-collegi-de-metges-de-barcelona-organitza-la-jornada-per-a-metges-i-metgesses-amb-fills-i-filles-adolescents\/#primaryimage"},"thumbnailUrl":"https:\/\/www.comll.cat\/es\/wp-content\/uploads\/sites\/3\/adolescent.png","articleSection":["Noticias"],"inLanguage":"es"},{"@type":"WebPage","@id":"https:\/\/www.comll.cat\/es\/el-collegi-de-metges-de-barcelona-organitza-la-jornada-per-a-metges-i-metgesses-amb-fills-i-filles-adolescents\/","url":"https:\/\/www.comll.cat\/es\/el-collegi-de-metges-de-barcelona-organitza-la-jornada-per-a-metges-i-metgesses-amb-fills-i-filles-adolescents\/","name":"El Col\u00b7legi de Metges de Barcelona organitza la \u201cJornada per a metges i metgesses amb fills i filles adolescents\u201d - Col\u00b7legi Oficial de Metges de Lleida","isPartOf":{"@id":"https:\/\/www.comll.cat\/es\/#website"},"primaryImageOfPage":{"@id":"https:\/\/www.comll.cat\/es\/el-collegi-de-metges-de-barcelona-organitza-la-jornada-per-a-metges-i-metgesses-amb-fills-i-filles-adolescents\/#primaryimage"},"image":{"@id":"https:\/\/www.comll.cat\/es\/el-collegi-de-metges-de-barcelona-organitza-la-jornada-per-a-metges-i-metgesses-amb-fills-i-filles-adolescents\/#primaryimage"},"thumbnailUrl":"https:\/\/www.comll.cat\/es\/wp-content\/uploads\/sites\/3\/adolescent.png","datePublished":"2020-02-06T15:47:44+00:00","author":{"@id":"https:\/\/www.comll.cat\/es\/#\/schema\/person\/1c7bc4d83b35a927d680cfe0ec9120e0"},"breadcrumb":{"@id":"https:\/\/www.comll.cat\/es\/el-collegi-de-metges-de-barcelona-organitza-la-jornada-per-a-metges-i-metgesses-amb-fills-i-filles-adolescents\/#breadcrumb"},"inLanguage":"es","potentialAction":[{"@type":"ReadAction","target":["https:\/\/www.comll.cat\/es\/el-collegi-de-metges-de-barcelona-organitza-la-jornada-per-a-metges-i-metgesses-amb-fills-i-filles-adolescents\/"]}]},{"@type":"ImageObject","inLanguage":"es","@id":"https:\/\/www.comll.cat\/es\/el-collegi-de-metges-de-barcelona-organitza-la-jornada-per-a-metges-i-metgesses-amb-fills-i-filles-adolescents\/#primaryimage","url":"https:\/\/www.comll.cat\/es\/wp-content\/uploads\/sites\/3\/adolescent.png","contentUrl":"https:\/\/www.comll.cat\/es\/wp-content\/uploads\/sites\/3\/adolescent.png","width":660,"height":667},{"@type":"BreadcrumbList","@id":"https:\/\/www.comll.cat\/es\/el-collegi-de-metges-de-barcelona-organitza-la-jornada-per-a-metges-i-metgesses-amb-fills-i-filles-adolescents\/#breadcrumb","itemListElement":[{"@type":"ListItem","position":1,"name":"Portada","item":"https:\/\/www.comll.cat\/es\/"},{"@type":"ListItem","position":2,"name":"El Col\u00b7legi de Metges de Barcelona organitza la \u201cJornada per a metges i metgesses amb fills i filles adolescents\u201d"}]},{"@type":"WebSite","@id":"https:\/\/www.comll.cat\/es\/#website","url":"https:\/\/www.comll.cat\/es\/","name":"Col\u00b7legi Oficial de Metges de Lleida","description":"COMLL","potentialAction":[{"@type":"SearchAction","target":{"@type":"EntryPoint","urlTemplate":"https:\/\/www.comll.cat\/es\/?s={search_term_string}"},"query-input":{"@type":"PropertyValueSpecification","valueRequired":true,"valueName":"search_term_string"}}],"inLanguage":"es"},{"@type":"Person","@id":"https:\/\/www.comll.cat\/es\/#\/schema\/person\/1c7bc4d83b35a927d680cfe0ec9120e0","name":"Albert","image":{"@type":"ImageObject","inLanguage":"es","@id":"https:\/\/secure.gravatar.com\/avatar\/c1261138a5e7882394bd9001104fe7078a2d860997555a5353af4ef7bd38f6db?s=96&d=mm&r=g","url":"https:\/\/secure.gravatar.com\/avatar\/c1261138a5e7882394bd9001104fe7078a2d860997555a5353af4ef7bd38f6db?s=96&d=mm&r=g","contentUrl":"https:\/\/secure.gravatar.com\/avatar\/c1261138a5e7882394bd9001104fe7078a2d860997555a5353af4ef7bd38f6db?s=96&d=mm&r=g","caption":"Albert"},"sameAs":["https:\/\/www.comll.cat"]}]}},"publishpress_future_action":{"enabled":false,"date":"2026-04-30 23:33:25","action":"change-status","newStatus":"draft","terms":[],"taxonomy":"category","extraData":[]},"publishpress_future_workflow_manual_trigger":{"enabledWorkflows":[]},"_links":{"self":[{"href":"https:\/\/www.comll.cat\/es\/wp-json\/wp\/v2\/posts\/1103","targetHints":{"allow":["GET"]}}],"collection":[{"href":"https:\/\/www.comll.cat\/es\/wp-json\/wp\/v2\/posts"}],"about":[{"href":"https:\/\/www.comll.cat\/es\/wp-json\/wp\/v2\/types\/post"}],"author":[{"embeddable":true,"href":"https:\/\/www.comll.cat\/es\/wp-json\/wp\/v2\/users\/1"}],"replies":[{"embeddable":true,"href":"https:\/\/www.comll.cat\/es\/wp-json\/wp\/v2\/comments?post=1103"}],"version-history":[{"count":0,"href":"https:\/\/www.comll.cat\/es\/wp-json\/wp\/v2\/posts\/1103\/revisions"}],"wp:featuredmedia":[{"embeddable":true,"href":"https:\/\/www.comll.cat\/es\/wp-json\/wp\/v2\/media\/1104"}],"wp:attachment":[{"href":"https:\/\/www.comll.cat\/es\/wp-json\/wp\/v2\/media?parent=1103"}],"wp:term":[{"taxonomy":"category","embeddable":true,"href":"https:\/\/www.comll.cat\/es\/wp-json\/wp\/v2\/categories?post=1103"},{"taxonomy":"post_tag","embeddable":true,"href":"https:\/\/www.comll.cat\/es\/wp-json\/wp\/v2\/tags?post=1103"}],"curies":[{"name":"wp","href":"https:\/\/api.w.org\/{rel}","templated":true}]}}