{"id":1065,"date":"2020-01-23T15:33:17","date_gmt":"2020-01-23T14:33:17","guid":{"rendered":"https:\/\/www.comll.cat\/el-forum-de-la-professio-medica-confia-en-lestabilitat-de-lactual-escenari-politic\/"},"modified":"2020-01-23T15:33:17","modified_gmt":"2020-01-23T14:33:17","slug":"el-forum-de-la-professio-medica-confia-en-lestabilitat-de-lactual-escenari-politic","status":"publish","type":"post","link":"https:\/\/www.comll.cat\/es\/el-forum-de-la-professio-medica-confia-en-lestabilitat-de-lactual-escenari-politic\/","title":{"rendered":"El F\u00f2rum de la Professi\u00f3 M\u00e8dica confia en l\u2019estabilitat de l\u2019actual escenari pol\u00edtic"},"content":{"rendered":"<p><img loading=\"lazy\" decoding=\"async\" class=\"alignnone size-medium wp-image-21373\" src=\"https:\/\/www.comll.cat\/wp-content\/uploads\/sites\/3\/desayunofpme-22120-300x200.jpg\" alt=\"desayunoFPME_22120\" width=\"300\" height=\"200\" \/><\/p>\n<p>El F\u00f2rum de la Professi\u00f3 M\u00e8dica (FPME) va presentar ahir les l\u00ednies estrat\u00e8giques de la seva actuaci\u00f3 durant el 2020. El f\u00f2rum, integrat per les principals organitzacions de la professi\u00f3 m\u00e8dica, va valorar l\u2019actual escenari pol\u00edtic amb la confian\u00e7a que l\u2019estabilitat serveixi per desenvolupar projectes pendents.<\/p>\n<p>El president del Consell General de Col\u00b7legis Oficials de Metges (CGCOM), Dr. Seraf\u00edn Romero, va recordar que el full de ruta del FPME \u201cno difereix de l\u2019acord que va firmar aquesta organitzaci\u00f3 amb el Ministeri de Sanitat del 2013 i que tenia com a eixos un Pacte per la Sanitat, la Professi\u00f3 M\u00e8dica i la Gesti\u00f3 Cl\u00ednica\u201d. \u00c9s fonamental el pacte per al model sanitari, tot assumint la defensa de totes les seves caracter\u00edstiques respecte a qualitat, equitat i sistema de finan\u00e7ament estable i suficient, segons el Dr. Romero.<\/p>\n<p>El president del CGCOM va demanar una reuni\u00f3 imminent del f\u00f2rum, que t\u00e8 capacitat legal i experi\u00e8ncia per resoldre la modificaci\u00f3 del real decret que regula la indicaci\u00f3, l\u2019\u00fas i l\u2019autoritzaci\u00f3 per dispensar medicaments i productes sanitaris d\u2019\u00fas hum\u00e0. Tamb\u00e9 va demanar la renovaci\u00f3 de l\u2019acord del 2013 amb el Ministeri de Sanitat, en el qual \u201ces reculli la realitat actual i marqui el cam\u00ed d\u2019un horitz\u00f3 sanitari explicatiu\u201d.<\/p>\n<p>A m\u00e9s, els problemes laborals dels metges, l\u2019enduriment dels criteris exigits per ser professor i el reconeixement de la relaci\u00f3 metge-pacient com a Patrimoni Cultural Immaterial de la Humanitat, entre d\u2019altres, estan inclosos en les l\u00ednies estrat\u00e8giques del f\u00f2rum per a enguany.<\/p>\n","protected":false},"excerpt":{"rendered":"<p>El F\u00f2rum de la Professi\u00f3 M\u00e8dica (FPME) va presentar ahir les l\u00ednies estrat\u00e8giques de la seva actuaci\u00f3 durant el 2020....<\/p>\n","protected":false},"author":1,"featured_media":1066,"comment_status":"closed","ping_status":"closed","sticky":false,"template":"","format":"standard","meta":{"_acf_changed":false,"inline_featured_image":false,"footnotes":""},"categories":[18],"tags":[],"class_list":["post-1065","post","type-post","status-publish","format-standard","has-post-thumbnail","hentry","category-noticias"],"acf":[],"yoast_head":"<!-- This site is optimized with the Yoast SEO plugin v27.5 - https:\/\/yoast.com\/product\/yoast-seo-wordpress\/ -->\n<title>El F\u00f2rum de la Professi\u00f3 M\u00e8dica confia en l\u2019estabilitat de l\u2019actual escenari pol\u00edtic - Col\u00b7legi Oficial de Metges de Lleida<\/title>\n<meta name=\"robots\" content=\"index, follow, max-snippet:-1, max-image-preview:large, max-video-preview:-1\" \/>\n<link rel=\"canonical\" href=\"https:\/\/www.comll.cat\/es\/el-forum-de-la-professio-medica-confia-en-lestabilitat-de-lactual-escenari-politic\/\" \/>\n<meta property=\"og:locale\" content=\"es_ES\" \/>\n<meta property=\"og:type\" content=\"article\" \/>\n<meta property=\"og:title\" content=\"El F\u00f2rum de la Professi\u00f3 M\u00e8dica confia en l\u2019estabilitat de l\u2019actual escenari pol\u00edtic - Col\u00b7legi Oficial de Metges de Lleida\" \/>\n<meta property=\"og:description\" content=\"El F\u00f2rum de la Professi\u00f3 M\u00e8dica (FPME) va presentar ahir les l\u00ednies estrat\u00e8giques de la seva actuaci\u00f3 durant el 2020....\" \/>\n<meta property=\"og:url\" content=\"https:\/\/www.comll.cat\/es\/el-forum-de-la-professio-medica-confia-en-lestabilitat-de-lactual-escenari-politic\/\" \/>\n<meta property=\"og:site_name\" content=\"Col\u00b7legi Oficial de Metges de Lleida\" \/>\n<meta property=\"article:published_time\" content=\"2020-01-23T14:33:17+00:00\" \/>\n<meta property=\"og:image\" content=\"https:\/\/www.comll.cat\/es\/wp-content\/uploads\/sites\/3\/desayunofpme-22120.jpg\" \/>\n\t<meta property=\"og:image:width\" content=\"2000\" \/>\n\t<meta property=\"og:image:height\" content=\"1333\" \/>\n\t<meta property=\"og:image:type\" content=\"image\/jpeg\" \/>\n<meta name=\"author\" content=\"Albert\" \/>\n<meta name=\"twitter:card\" content=\"summary_large_image\" \/>\n<script type=\"application\/ld+json\" class=\"yoast-schema-graph\">{\"@context\":\"https:\\\/\\\/schema.org\",\"@graph\":[{\"@type\":\"Article\",\"@id\":\"https:\\\/\\\/www.comll.cat\\\/es\\\/el-forum-de-la-professio-medica-confia-en-lestabilitat-de-lactual-escenari-politic\\\/#article\",\"isPartOf\":{\"@id\":\"https:\\\/\\\/www.comll.cat\\\/es\\\/el-forum-de-la-professio-medica-confia-en-lestabilitat-de-lactual-escenari-politic\\\/\"},\"author\":{\"name\":\"Albert\",\"@id\":\"https:\\\/\\\/www.comll.cat\\\/es\\\/#\\\/schema\\\/person\\\/1c7bc4d83b35a927d680cfe0ec9120e0\"},\"headline\":\"El F\u00f2rum de la Professi\u00f3 M\u00e8dica confia en l\u2019estabilitat de l\u2019actual escenari pol\u00edtic\",\"datePublished\":\"2020-01-23T14:33:17+00:00\",\"mainEntityOfPage\":{\"@id\":\"https:\\\/\\\/www.comll.cat\\\/es\\\/el-forum-de-la-professio-medica-confia-en-lestabilitat-de-lactual-escenari-politic\\\/\"},\"wordCount\":291,\"image\":{\"@id\":\"https:\\\/\\\/www.comll.cat\\\/es\\\/el-forum-de-la-professio-medica-confia-en-lestabilitat-de-lactual-escenari-politic\\\/#primaryimage\"},\"thumbnailUrl\":\"https:\\\/\\\/www.comll.cat\\\/es\\\/wp-content\\\/uploads\\\/sites\\\/3\\\/desayunofpme-22120.jpg\",\"articleSection\":[\"Noticias\"],\"inLanguage\":\"es\"},{\"@type\":\"WebPage\",\"@id\":\"https:\\\/\\\/www.comll.cat\\\/es\\\/el-forum-de-la-professio-medica-confia-en-lestabilitat-de-lactual-escenari-politic\\\/\",\"url\":\"https:\\\/\\\/www.comll.cat\\\/es\\\/el-forum-de-la-professio-medica-confia-en-lestabilitat-de-lactual-escenari-politic\\\/\",\"name\":\"El F\u00f2rum de la Professi\u00f3 M\u00e8dica confia en l\u2019estabilitat de l\u2019actual escenari pol\u00edtic - Col\u00b7legi Oficial de Metges de Lleida\",\"isPartOf\":{\"@id\":\"https:\\\/\\\/www.comll.cat\\\/es\\\/#website\"},\"primaryImageOfPage\":{\"@id\":\"https:\\\/\\\/www.comll.cat\\\/es\\\/el-forum-de-la-professio-medica-confia-en-lestabilitat-de-lactual-escenari-politic\\\/#primaryimage\"},\"image\":{\"@id\":\"https:\\\/\\\/www.comll.cat\\\/es\\\/el-forum-de-la-professio-medica-confia-en-lestabilitat-de-lactual-escenari-politic\\\/#primaryimage\"},\"thumbnailUrl\":\"https:\\\/\\\/www.comll.cat\\\/es\\\/wp-content\\\/uploads\\\/sites\\\/3\\\/desayunofpme-22120.jpg\",\"datePublished\":\"2020-01-23T14:33:17+00:00\",\"author\":{\"@id\":\"https:\\\/\\\/www.comll.cat\\\/es\\\/#\\\/schema\\\/person\\\/1c7bc4d83b35a927d680cfe0ec9120e0\"},\"breadcrumb\":{\"@id\":\"https:\\\/\\\/www.comll.cat\\\/es\\\/el-forum-de-la-professio-medica-confia-en-lestabilitat-de-lactual-escenari-politic\\\/#breadcrumb\"},\"inLanguage\":\"es\",\"potentialAction\":[{\"@type\":\"ReadAction\",\"target\":[\"https:\\\/\\\/www.comll.cat\\\/es\\\/el-forum-de-la-professio-medica-confia-en-lestabilitat-de-lactual-escenari-politic\\\/\"]}]},{\"@type\":\"ImageObject\",\"inLanguage\":\"es\",\"@id\":\"https:\\\/\\\/www.comll.cat\\\/es\\\/el-forum-de-la-professio-medica-confia-en-lestabilitat-de-lactual-escenari-politic\\\/#primaryimage\",\"url\":\"https:\\\/\\\/www.comll.cat\\\/es\\\/wp-content\\\/uploads\\\/sites\\\/3\\\/desayunofpme-22120.jpg\",\"contentUrl\":\"https:\\\/\\\/www.comll.cat\\\/es\\\/wp-content\\\/uploads\\\/sites\\\/3\\\/desayunofpme-22120.jpg\",\"width\":2000,\"height\":1333},{\"@type\":\"BreadcrumbList\",\"@id\":\"https:\\\/\\\/www.comll.cat\\\/es\\\/el-forum-de-la-professio-medica-confia-en-lestabilitat-de-lactual-escenari-politic\\\/#breadcrumb\",\"itemListElement\":[{\"@type\":\"ListItem\",\"position\":1,\"name\":\"Portada\",\"item\":\"https:\\\/\\\/www.comll.cat\\\/es\\\/\"},{\"@type\":\"ListItem\",\"position\":2,\"name\":\"El F\u00f2rum de la Professi\u00f3 M\u00e8dica confia en l\u2019estabilitat de l\u2019actual escenari pol\u00edtic\"}]},{\"@type\":\"WebSite\",\"@id\":\"https:\\\/\\\/www.comll.cat\\\/es\\\/#website\",\"url\":\"https:\\\/\\\/www.comll.cat\\\/es\\\/\",\"name\":\"Col\u00b7legi Oficial de Metges de Lleida\",\"description\":\"COMLL\",\"potentialAction\":[{\"@type\":\"SearchAction\",\"target\":{\"@type\":\"EntryPoint\",\"urlTemplate\":\"https:\\\/\\\/www.comll.cat\\\/es\\\/?s={search_term_string}\"},\"query-input\":{\"@type\":\"PropertyValueSpecification\",\"valueRequired\":true,\"valueName\":\"search_term_string\"}}],\"inLanguage\":\"es\"},{\"@type\":\"Person\",\"@id\":\"https:\\\/\\\/www.comll.cat\\\/es\\\/#\\\/schema\\\/person\\\/1c7bc4d83b35a927d680cfe0ec9120e0\",\"name\":\"Albert\",\"image\":{\"@type\":\"ImageObject\",\"inLanguage\":\"es\",\"@id\":\"https:\\\/\\\/secure.gravatar.com\\\/avatar\\\/c1261138a5e7882394bd9001104fe7078a2d860997555a5353af4ef7bd38f6db?s=96&d=mm&r=g\",\"url\":\"https:\\\/\\\/secure.gravatar.com\\\/avatar\\\/c1261138a5e7882394bd9001104fe7078a2d860997555a5353af4ef7bd38f6db?s=96&d=mm&r=g\",\"contentUrl\":\"https:\\\/\\\/secure.gravatar.com\\\/avatar\\\/c1261138a5e7882394bd9001104fe7078a2d860997555a5353af4ef7bd38f6db?s=96&d=mm&r=g\",\"caption\":\"Albert\"},\"sameAs\":[\"https:\\\/\\\/www.comll.cat\"]}]}<\/script>\n<!-- \/ Yoast SEO plugin. -->","yoast_head_json":{"title":"El F\u00f2rum de la Professi\u00f3 M\u00e8dica confia en l\u2019estabilitat de l\u2019actual escenari pol\u00edtic - Col\u00b7legi Oficial de Metges de Lleida","robots":{"index":"index","follow":"follow","max-snippet":"max-snippet:-1","max-image-preview":"max-image-preview:large","max-video-preview":"max-video-preview:-1"},"canonical":"https:\/\/www.comll.cat\/es\/el-forum-de-la-professio-medica-confia-en-lestabilitat-de-lactual-escenari-politic\/","og_locale":"es_ES","og_type":"article","og_title":"El F\u00f2rum de la Professi\u00f3 M\u00e8dica confia en l\u2019estabilitat de l\u2019actual escenari pol\u00edtic - Col\u00b7legi Oficial de Metges de Lleida","og_description":"El F\u00f2rum de la Professi\u00f3 M\u00e8dica (FPME) va presentar ahir les l\u00ednies estrat\u00e8giques de la seva actuaci\u00f3 durant el 2020....","og_url":"https:\/\/www.comll.cat\/es\/el-forum-de-la-professio-medica-confia-en-lestabilitat-de-lactual-escenari-politic\/","og_site_name":"Col\u00b7legi Oficial de Metges de Lleida","article_published_time":"2020-01-23T14:33:17+00:00","og_image":[{"width":2000,"height":1333,"url":"https:\/\/www.comll.cat\/es\/wp-content\/uploads\/sites\/3\/desayunofpme-22120.jpg","type":"image\/jpeg"}],"author":"Albert","twitter_card":"summary_large_image","schema":{"@context":"https:\/\/schema.org","@graph":[{"@type":"Article","@id":"https:\/\/www.comll.cat\/es\/el-forum-de-la-professio-medica-confia-en-lestabilitat-de-lactual-escenari-politic\/#article","isPartOf":{"@id":"https:\/\/www.comll.cat\/es\/el-forum-de-la-professio-medica-confia-en-lestabilitat-de-lactual-escenari-politic\/"},"author":{"name":"Albert","@id":"https:\/\/www.comll.cat\/es\/#\/schema\/person\/1c7bc4d83b35a927d680cfe0ec9120e0"},"headline":"El F\u00f2rum de la Professi\u00f3 M\u00e8dica confia en l\u2019estabilitat de l\u2019actual escenari pol\u00edtic","datePublished":"2020-01-23T14:33:17+00:00","mainEntityOfPage":{"@id":"https:\/\/www.comll.cat\/es\/el-forum-de-la-professio-medica-confia-en-lestabilitat-de-lactual-escenari-politic\/"},"wordCount":291,"image":{"@id":"https:\/\/www.comll.cat\/es\/el-forum-de-la-professio-medica-confia-en-lestabilitat-de-lactual-escenari-politic\/#primaryimage"},"thumbnailUrl":"https:\/\/www.comll.cat\/es\/wp-content\/uploads\/sites\/3\/desayunofpme-22120.jpg","articleSection":["Noticias"],"inLanguage":"es"},{"@type":"WebPage","@id":"https:\/\/www.comll.cat\/es\/el-forum-de-la-professio-medica-confia-en-lestabilitat-de-lactual-escenari-politic\/","url":"https:\/\/www.comll.cat\/es\/el-forum-de-la-professio-medica-confia-en-lestabilitat-de-lactual-escenari-politic\/","name":"El F\u00f2rum de la Professi\u00f3 M\u00e8dica confia en l\u2019estabilitat de l\u2019actual escenari pol\u00edtic - Col\u00b7legi Oficial de Metges de Lleida","isPartOf":{"@id":"https:\/\/www.comll.cat\/es\/#website"},"primaryImageOfPage":{"@id":"https:\/\/www.comll.cat\/es\/el-forum-de-la-professio-medica-confia-en-lestabilitat-de-lactual-escenari-politic\/#primaryimage"},"image":{"@id":"https:\/\/www.comll.cat\/es\/el-forum-de-la-professio-medica-confia-en-lestabilitat-de-lactual-escenari-politic\/#primaryimage"},"thumbnailUrl":"https:\/\/www.comll.cat\/es\/wp-content\/uploads\/sites\/3\/desayunofpme-22120.jpg","datePublished":"2020-01-23T14:33:17+00:00","author":{"@id":"https:\/\/www.comll.cat\/es\/#\/schema\/person\/1c7bc4d83b35a927d680cfe0ec9120e0"},"breadcrumb":{"@id":"https:\/\/www.comll.cat\/es\/el-forum-de-la-professio-medica-confia-en-lestabilitat-de-lactual-escenari-politic\/#breadcrumb"},"inLanguage":"es","potentialAction":[{"@type":"ReadAction","target":["https:\/\/www.comll.cat\/es\/el-forum-de-la-professio-medica-confia-en-lestabilitat-de-lactual-escenari-politic\/"]}]},{"@type":"ImageObject","inLanguage":"es","@id":"https:\/\/www.comll.cat\/es\/el-forum-de-la-professio-medica-confia-en-lestabilitat-de-lactual-escenari-politic\/#primaryimage","url":"https:\/\/www.comll.cat\/es\/wp-content\/uploads\/sites\/3\/desayunofpme-22120.jpg","contentUrl":"https:\/\/www.comll.cat\/es\/wp-content\/uploads\/sites\/3\/desayunofpme-22120.jpg","width":2000,"height":1333},{"@type":"BreadcrumbList","@id":"https:\/\/www.comll.cat\/es\/el-forum-de-la-professio-medica-confia-en-lestabilitat-de-lactual-escenari-politic\/#breadcrumb","itemListElement":[{"@type":"ListItem","position":1,"name":"Portada","item":"https:\/\/www.comll.cat\/es\/"},{"@type":"ListItem","position":2,"name":"El F\u00f2rum de la Professi\u00f3 M\u00e8dica confia en l\u2019estabilitat de l\u2019actual escenari pol\u00edtic"}]},{"@type":"WebSite","@id":"https:\/\/www.comll.cat\/es\/#website","url":"https:\/\/www.comll.cat\/es\/","name":"Col\u00b7legi Oficial de Metges de Lleida","description":"COMLL","potentialAction":[{"@type":"SearchAction","target":{"@type":"EntryPoint","urlTemplate":"https:\/\/www.comll.cat\/es\/?s={search_term_string}"},"query-input":{"@type":"PropertyValueSpecification","valueRequired":true,"valueName":"search_term_string"}}],"inLanguage":"es"},{"@type":"Person","@id":"https:\/\/www.comll.cat\/es\/#\/schema\/person\/1c7bc4d83b35a927d680cfe0ec9120e0","name":"Albert","image":{"@type":"ImageObject","inLanguage":"es","@id":"https:\/\/secure.gravatar.com\/avatar\/c1261138a5e7882394bd9001104fe7078a2d860997555a5353af4ef7bd38f6db?s=96&d=mm&r=g","url":"https:\/\/secure.gravatar.com\/avatar\/c1261138a5e7882394bd9001104fe7078a2d860997555a5353af4ef7bd38f6db?s=96&d=mm&r=g","contentUrl":"https:\/\/secure.gravatar.com\/avatar\/c1261138a5e7882394bd9001104fe7078a2d860997555a5353af4ef7bd38f6db?s=96&d=mm&r=g","caption":"Albert"},"sameAs":["https:\/\/www.comll.cat"]}]}},"publishpress_future_action":{"enabled":false,"date":"2026-05-03 10:03:48","action":"change-status","newStatus":"draft","terms":[],"taxonomy":"category","extraData":[]},"publishpress_future_workflow_manual_trigger":{"enabledWorkflows":[]},"_links":{"self":[{"href":"https:\/\/www.comll.cat\/es\/wp-json\/wp\/v2\/posts\/1065","targetHints":{"allow":["GET"]}}],"collection":[{"href":"https:\/\/www.comll.cat\/es\/wp-json\/wp\/v2\/posts"}],"about":[{"href":"https:\/\/www.comll.cat\/es\/wp-json\/wp\/v2\/types\/post"}],"author":[{"embeddable":true,"href":"https:\/\/www.comll.cat\/es\/wp-json\/wp\/v2\/users\/1"}],"replies":[{"embeddable":true,"href":"https:\/\/www.comll.cat\/es\/wp-json\/wp\/v2\/comments?post=1065"}],"version-history":[{"count":0,"href":"https:\/\/www.comll.cat\/es\/wp-json\/wp\/v2\/posts\/1065\/revisions"}],"wp:featuredmedia":[{"embeddable":true,"href":"https:\/\/www.comll.cat\/es\/wp-json\/wp\/v2\/media\/1066"}],"wp:attachment":[{"href":"https:\/\/www.comll.cat\/es\/wp-json\/wp\/v2\/media?parent=1065"}],"wp:term":[{"taxonomy":"category","embeddable":true,"href":"https:\/\/www.comll.cat\/es\/wp-json\/wp\/v2\/categories?post=1065"},{"taxonomy":"post_tag","embeddable":true,"href":"https:\/\/www.comll.cat\/es\/wp-json\/wp\/v2\/tags?post=1065"}],"curies":[{"name":"wp","href":"https:\/\/api.w.org\/{rel}","templated":true}]}}