{"id":10581,"date":"2024-11-26T12:25:05","date_gmt":"2024-11-26T11:25:05","guid":{"rendered":"https:\/\/www.comll.cat\/es\/?p=10581"},"modified":"2024-11-28T13:01:21","modified_gmt":"2024-11-28T12:01:21","slug":"lliurament-dels-iv-premis-comll-a-la-recerca-en-latencio-primaria-el-29-de-novembre","status":"publish","type":"post","link":"https:\/\/www.comll.cat\/es\/lliurament-dels-iv-premis-comll-a-la-recerca-en-latencio-primaria-el-29-de-novembre\/","title":{"rendered":"Entrega de los IV Premios COMLL a la Investigaci\u00f3n en Atenci\u00f3n Primaria el 29 de noviembre"},"content":{"rendered":"\n<p>El Colegio Oficial de M\u00e9dicos de Lleida, en colaboraci\u00f3n con&nbsp;<strong>IDIAPJGol<\/strong> y el <strong>Institut&nbsp;Catal\u00e0&nbsp;de la Salut Atenci\u00f3 Prim\u00e0ria Lleida<\/strong>, celebrar\u00e1 el 29 de noviembre a las 11 horas el acto de entrega de los <strong>IV&nbsp;Premios COMLL en la Investigaci\u00f3n en la Atenci\u00f3n Primaria<\/strong>.<br><br>Estos premios tienen como objetivo fomentar la investigaci\u00f3n entre los equipos de atenci\u00f3n primaria de salud. Se otorgar\u00e1n dos premios de 1.500 \u20ac cada uno, junto con un certificado para las personas autoras de los 12 trabajos presentados en esta edici\u00f3n.<br><br>El acto tendr\u00e1 lugar en la sala de formaci\u00f3n del COMLL. Si quiere asistir como p\u00fablico, puede llenar el formulario siguiente:<\/p>\n\n\n\n<p>\u2295 <a href=\"https:\/\/forms.gle\/Yh1LsrBPbQKCEuMP7\"><strong>Formulario de asistencia<\/strong><\/a><\/p>\n","protected":false},"excerpt":{"rendered":"<p>El Colegio Oficial de M\u00e9dicos de Lleida, en colaboraci\u00f3n con&nbsp;IDIAPJGol y el Institut&nbsp;Catal\u00e0&nbsp;de la Salut Atenci\u00f3 Prim\u00e0ria Lleida, celebrar\u00e1 el...<\/p>\n","protected":false},"author":4,"featured_media":10157,"comment_status":"closed","ping_status":"closed","sticky":false,"template":"","format":"standard","meta":{"_acf_changed":false,"inline_featured_image":false,"footnotes":""},"categories":[18],"tags":[],"class_list":["post-10581","post","type-post","status-publish","format-standard","has-post-thumbnail","hentry","category-noticias"],"acf":[],"yoast_head":"<!-- This site is optimized with the Yoast SEO plugin v27.5 - https:\/\/yoast.com\/product\/yoast-seo-wordpress\/ -->\n<title>Entrega de los IV Premios COMLL a la Investigaci\u00f3n en Atenci\u00f3n Primaria el 29 de noviembre - Col\u00b7legi Oficial de Metges de Lleida<\/title>\n<meta name=\"robots\" content=\"index, follow, max-snippet:-1, max-image-preview:large, max-video-preview:-1\" \/>\n<link rel=\"canonical\" href=\"https:\/\/www.comll.cat\/es\/lliurament-dels-iv-premis-comll-a-la-recerca-en-latencio-primaria-el-29-de-novembre\/\" \/>\n<meta property=\"og:locale\" content=\"es_ES\" \/>\n<meta property=\"og:type\" content=\"article\" \/>\n<meta property=\"og:title\" content=\"Entrega de los IV Premios COMLL a la Investigaci\u00f3n en Atenci\u00f3n Primaria el 29 de noviembre - Col\u00b7legi Oficial de Metges de Lleida\" \/>\n<meta property=\"og:description\" content=\"El Colegio Oficial de M\u00e9dicos de Lleida, en colaboraci\u00f3n con&nbsp;IDIAPJGol y el Institut&nbsp;Catal\u00e0&nbsp;de la Salut Atenci\u00f3 Prim\u00e0ria Lleida, celebrar\u00e1 el...\" \/>\n<meta property=\"og:url\" content=\"https:\/\/www.comll.cat\/es\/lliurament-dels-iv-premis-comll-a-la-recerca-en-latencio-primaria-el-29-de-novembre\/\" \/>\n<meta property=\"og:site_name\" content=\"Col\u00b7legi Oficial de Metges de Lleida\" \/>\n<meta property=\"article:published_time\" content=\"2024-11-26T11:25:05+00:00\" \/>\n<meta property=\"article:modified_time\" content=\"2024-11-28T12:01:21+00:00\" \/>\n<meta property=\"og:image\" content=\"https:\/\/www.comll.cat\/es\/wp-content\/uploads\/sites\/3\/premis-comll-imatge.jpg\" \/>\n\t<meta property=\"og:image:width\" content=\"1080\" \/>\n\t<meta property=\"og:image:height\" content=\"1350\" \/>\n\t<meta property=\"og:image:type\" content=\"image\/jpeg\" \/>\n<meta name=\"author\" content=\"comll\" \/>\n<meta name=\"twitter:card\" content=\"summary_large_image\" \/>\n<script type=\"application\/ld+json\" class=\"yoast-schema-graph\">{\"@context\":\"https:\\\/\\\/schema.org\",\"@graph\":[{\"@type\":\"Article\",\"@id\":\"https:\\\/\\\/www.comll.cat\\\/es\\\/lliurament-dels-iv-premis-comll-a-la-recerca-en-latencio-primaria-el-29-de-novembre\\\/#article\",\"isPartOf\":{\"@id\":\"https:\\\/\\\/www.comll.cat\\\/es\\\/lliurament-dels-iv-premis-comll-a-la-recerca-en-latencio-primaria-el-29-de-novembre\\\/\"},\"author\":{\"name\":\"comll\",\"@id\":\"https:\\\/\\\/www.comll.cat\\\/es\\\/#\\\/schema\\\/person\\\/4013951a5e98fc334e3cbb7aea9bdf48\"},\"headline\":\"Entrega de los IV Premios COMLL a la Investigaci\u00f3n en Atenci\u00f3n Primaria el 29 de noviembre\",\"datePublished\":\"2024-11-26T11:25:05+00:00\",\"dateModified\":\"2024-11-28T12:01:21+00:00\",\"mainEntityOfPage\":{\"@id\":\"https:\\\/\\\/www.comll.cat\\\/es\\\/lliurament-dels-iv-premis-comll-a-la-recerca-en-latencio-primaria-el-29-de-novembre\\\/\"},\"wordCount\":138,\"image\":{\"@id\":\"https:\\\/\\\/www.comll.cat\\\/es\\\/lliurament-dels-iv-premis-comll-a-la-recerca-en-latencio-primaria-el-29-de-novembre\\\/#primaryimage\"},\"thumbnailUrl\":\"https:\\\/\\\/www.comll.cat\\\/es\\\/wp-content\\\/uploads\\\/sites\\\/3\\\/premis-comll-imatge.jpg\",\"articleSection\":[\"Noticias\"],\"inLanguage\":\"es\"},{\"@type\":\"WebPage\",\"@id\":\"https:\\\/\\\/www.comll.cat\\\/es\\\/lliurament-dels-iv-premis-comll-a-la-recerca-en-latencio-primaria-el-29-de-novembre\\\/\",\"url\":\"https:\\\/\\\/www.comll.cat\\\/es\\\/lliurament-dels-iv-premis-comll-a-la-recerca-en-latencio-primaria-el-29-de-novembre\\\/\",\"name\":\"Entrega de los IV Premios COMLL a la Investigaci\u00f3n en Atenci\u00f3n Primaria el 29 de noviembre - Col\u00b7legi Oficial de Metges de Lleida\",\"isPartOf\":{\"@id\":\"https:\\\/\\\/www.comll.cat\\\/es\\\/#website\"},\"primaryImageOfPage\":{\"@id\":\"https:\\\/\\\/www.comll.cat\\\/es\\\/lliurament-dels-iv-premis-comll-a-la-recerca-en-latencio-primaria-el-29-de-novembre\\\/#primaryimage\"},\"image\":{\"@id\":\"https:\\\/\\\/www.comll.cat\\\/es\\\/lliurament-dels-iv-premis-comll-a-la-recerca-en-latencio-primaria-el-29-de-novembre\\\/#primaryimage\"},\"thumbnailUrl\":\"https:\\\/\\\/www.comll.cat\\\/es\\\/wp-content\\\/uploads\\\/sites\\\/3\\\/premis-comll-imatge.jpg\",\"datePublished\":\"2024-11-26T11:25:05+00:00\",\"dateModified\":\"2024-11-28T12:01:21+00:00\",\"author\":{\"@id\":\"https:\\\/\\\/www.comll.cat\\\/es\\\/#\\\/schema\\\/person\\\/4013951a5e98fc334e3cbb7aea9bdf48\"},\"breadcrumb\":{\"@id\":\"https:\\\/\\\/www.comll.cat\\\/es\\\/lliurament-dels-iv-premis-comll-a-la-recerca-en-latencio-primaria-el-29-de-novembre\\\/#breadcrumb\"},\"inLanguage\":\"es\",\"potentialAction\":[{\"@type\":\"ReadAction\",\"target\":[\"https:\\\/\\\/www.comll.cat\\\/es\\\/lliurament-dels-iv-premis-comll-a-la-recerca-en-latencio-primaria-el-29-de-novembre\\\/\"]}]},{\"@type\":\"ImageObject\",\"inLanguage\":\"es\",\"@id\":\"https:\\\/\\\/www.comll.cat\\\/es\\\/lliurament-dels-iv-premis-comll-a-la-recerca-en-latencio-primaria-el-29-de-novembre\\\/#primaryimage\",\"url\":\"https:\\\/\\\/www.comll.cat\\\/es\\\/wp-content\\\/uploads\\\/sites\\\/3\\\/premis-comll-imatge.jpg\",\"contentUrl\":\"https:\\\/\\\/www.comll.cat\\\/es\\\/wp-content\\\/uploads\\\/sites\\\/3\\\/premis-comll-imatge.jpg\",\"width\":1080,\"height\":1350},{\"@type\":\"BreadcrumbList\",\"@id\":\"https:\\\/\\\/www.comll.cat\\\/es\\\/lliurament-dels-iv-premis-comll-a-la-recerca-en-latencio-primaria-el-29-de-novembre\\\/#breadcrumb\",\"itemListElement\":[{\"@type\":\"ListItem\",\"position\":1,\"name\":\"Portada\",\"item\":\"https:\\\/\\\/www.comll.cat\\\/es\\\/\"},{\"@type\":\"ListItem\",\"position\":2,\"name\":\"Entrega de los IV Premios COMLL a la Investigaci\u00f3n en Atenci\u00f3n Primaria el 29 de noviembre\"}]},{\"@type\":\"WebSite\",\"@id\":\"https:\\\/\\\/www.comll.cat\\\/es\\\/#website\",\"url\":\"https:\\\/\\\/www.comll.cat\\\/es\\\/\",\"name\":\"Col\u00b7legi Oficial de Metges de Lleida\",\"description\":\"COMLL\",\"potentialAction\":[{\"@type\":\"SearchAction\",\"target\":{\"@type\":\"EntryPoint\",\"urlTemplate\":\"https:\\\/\\\/www.comll.cat\\\/es\\\/?s={search_term_string}\"},\"query-input\":{\"@type\":\"PropertyValueSpecification\",\"valueRequired\":true,\"valueName\":\"search_term_string\"}}],\"inLanguage\":\"es\"},{\"@type\":\"Person\",\"@id\":\"https:\\\/\\\/www.comll.cat\\\/es\\\/#\\\/schema\\\/person\\\/4013951a5e98fc334e3cbb7aea9bdf48\",\"name\":\"comll\",\"image\":{\"@type\":\"ImageObject\",\"inLanguage\":\"es\",\"@id\":\"https:\\\/\\\/secure.gravatar.com\\\/avatar\\\/7d9c56d88c214c8f2f1e594a299566f5bebc17cb9d23743059ec64bf40926d5e?s=96&d=mm&r=g\",\"url\":\"https:\\\/\\\/secure.gravatar.com\\\/avatar\\\/7d9c56d88c214c8f2f1e594a299566f5bebc17cb9d23743059ec64bf40926d5e?s=96&d=mm&r=g\",\"contentUrl\":\"https:\\\/\\\/secure.gravatar.com\\\/avatar\\\/7d9c56d88c214c8f2f1e594a299566f5bebc17cb9d23743059ec64bf40926d5e?s=96&d=mm&r=g\",\"caption\":\"comll\"}}]}<\/script>\n<!-- \/ Yoast SEO plugin. -->","yoast_head_json":{"title":"Entrega de los IV Premios COMLL a la Investigaci\u00f3n en Atenci\u00f3n Primaria el 29 de noviembre - Col\u00b7legi Oficial de Metges de Lleida","robots":{"index":"index","follow":"follow","max-snippet":"max-snippet:-1","max-image-preview":"max-image-preview:large","max-video-preview":"max-video-preview:-1"},"canonical":"https:\/\/www.comll.cat\/es\/lliurament-dels-iv-premis-comll-a-la-recerca-en-latencio-primaria-el-29-de-novembre\/","og_locale":"es_ES","og_type":"article","og_title":"Entrega de los IV Premios COMLL a la Investigaci\u00f3n en Atenci\u00f3n Primaria el 29 de noviembre - Col\u00b7legi Oficial de Metges de Lleida","og_description":"El Colegio Oficial de M\u00e9dicos de Lleida, en colaboraci\u00f3n con&nbsp;IDIAPJGol y el Institut&nbsp;Catal\u00e0&nbsp;de la Salut Atenci\u00f3 Prim\u00e0ria Lleida, celebrar\u00e1 el...","og_url":"https:\/\/www.comll.cat\/es\/lliurament-dels-iv-premis-comll-a-la-recerca-en-latencio-primaria-el-29-de-novembre\/","og_site_name":"Col\u00b7legi Oficial de Metges de Lleida","article_published_time":"2024-11-26T11:25:05+00:00","article_modified_time":"2024-11-28T12:01:21+00:00","og_image":[{"width":1080,"height":1350,"url":"https:\/\/www.comll.cat\/es\/wp-content\/uploads\/sites\/3\/premis-comll-imatge.jpg","type":"image\/jpeg"}],"author":"comll","twitter_card":"summary_large_image","schema":{"@context":"https:\/\/schema.org","@graph":[{"@type":"Article","@id":"https:\/\/www.comll.cat\/es\/lliurament-dels-iv-premis-comll-a-la-recerca-en-latencio-primaria-el-29-de-novembre\/#article","isPartOf":{"@id":"https:\/\/www.comll.cat\/es\/lliurament-dels-iv-premis-comll-a-la-recerca-en-latencio-primaria-el-29-de-novembre\/"},"author":{"name":"comll","@id":"https:\/\/www.comll.cat\/es\/#\/schema\/person\/4013951a5e98fc334e3cbb7aea9bdf48"},"headline":"Entrega de los IV Premios COMLL a la Investigaci\u00f3n en Atenci\u00f3n Primaria el 29 de noviembre","datePublished":"2024-11-26T11:25:05+00:00","dateModified":"2024-11-28T12:01:21+00:00","mainEntityOfPage":{"@id":"https:\/\/www.comll.cat\/es\/lliurament-dels-iv-premis-comll-a-la-recerca-en-latencio-primaria-el-29-de-novembre\/"},"wordCount":138,"image":{"@id":"https:\/\/www.comll.cat\/es\/lliurament-dels-iv-premis-comll-a-la-recerca-en-latencio-primaria-el-29-de-novembre\/#primaryimage"},"thumbnailUrl":"https:\/\/www.comll.cat\/es\/wp-content\/uploads\/sites\/3\/premis-comll-imatge.jpg","articleSection":["Noticias"],"inLanguage":"es"},{"@type":"WebPage","@id":"https:\/\/www.comll.cat\/es\/lliurament-dels-iv-premis-comll-a-la-recerca-en-latencio-primaria-el-29-de-novembre\/","url":"https:\/\/www.comll.cat\/es\/lliurament-dels-iv-premis-comll-a-la-recerca-en-latencio-primaria-el-29-de-novembre\/","name":"Entrega de los IV Premios COMLL a la Investigaci\u00f3n en Atenci\u00f3n Primaria el 29 de noviembre - Col\u00b7legi Oficial de Metges de Lleida","isPartOf":{"@id":"https:\/\/www.comll.cat\/es\/#website"},"primaryImageOfPage":{"@id":"https:\/\/www.comll.cat\/es\/lliurament-dels-iv-premis-comll-a-la-recerca-en-latencio-primaria-el-29-de-novembre\/#primaryimage"},"image":{"@id":"https:\/\/www.comll.cat\/es\/lliurament-dels-iv-premis-comll-a-la-recerca-en-latencio-primaria-el-29-de-novembre\/#primaryimage"},"thumbnailUrl":"https:\/\/www.comll.cat\/es\/wp-content\/uploads\/sites\/3\/premis-comll-imatge.jpg","datePublished":"2024-11-26T11:25:05+00:00","dateModified":"2024-11-28T12:01:21+00:00","author":{"@id":"https:\/\/www.comll.cat\/es\/#\/schema\/person\/4013951a5e98fc334e3cbb7aea9bdf48"},"breadcrumb":{"@id":"https:\/\/www.comll.cat\/es\/lliurament-dels-iv-premis-comll-a-la-recerca-en-latencio-primaria-el-29-de-novembre\/#breadcrumb"},"inLanguage":"es","potentialAction":[{"@type":"ReadAction","target":["https:\/\/www.comll.cat\/es\/lliurament-dels-iv-premis-comll-a-la-recerca-en-latencio-primaria-el-29-de-novembre\/"]}]},{"@type":"ImageObject","inLanguage":"es","@id":"https:\/\/www.comll.cat\/es\/lliurament-dels-iv-premis-comll-a-la-recerca-en-latencio-primaria-el-29-de-novembre\/#primaryimage","url":"https:\/\/www.comll.cat\/es\/wp-content\/uploads\/sites\/3\/premis-comll-imatge.jpg","contentUrl":"https:\/\/www.comll.cat\/es\/wp-content\/uploads\/sites\/3\/premis-comll-imatge.jpg","width":1080,"height":1350},{"@type":"BreadcrumbList","@id":"https:\/\/www.comll.cat\/es\/lliurament-dels-iv-premis-comll-a-la-recerca-en-latencio-primaria-el-29-de-novembre\/#breadcrumb","itemListElement":[{"@type":"ListItem","position":1,"name":"Portada","item":"https:\/\/www.comll.cat\/es\/"},{"@type":"ListItem","position":2,"name":"Entrega de los IV Premios COMLL a la Investigaci\u00f3n en Atenci\u00f3n Primaria el 29 de noviembre"}]},{"@type":"WebSite","@id":"https:\/\/www.comll.cat\/es\/#website","url":"https:\/\/www.comll.cat\/es\/","name":"Col\u00b7legi Oficial de Metges de Lleida","description":"COMLL","potentialAction":[{"@type":"SearchAction","target":{"@type":"EntryPoint","urlTemplate":"https:\/\/www.comll.cat\/es\/?s={search_term_string}"},"query-input":{"@type":"PropertyValueSpecification","valueRequired":true,"valueName":"search_term_string"}}],"inLanguage":"es"},{"@type":"Person","@id":"https:\/\/www.comll.cat\/es\/#\/schema\/person\/4013951a5e98fc334e3cbb7aea9bdf48","name":"comll","image":{"@type":"ImageObject","inLanguage":"es","@id":"https:\/\/secure.gravatar.com\/avatar\/7d9c56d88c214c8f2f1e594a299566f5bebc17cb9d23743059ec64bf40926d5e?s=96&d=mm&r=g","url":"https:\/\/secure.gravatar.com\/avatar\/7d9c56d88c214c8f2f1e594a299566f5bebc17cb9d23743059ec64bf40926d5e?s=96&d=mm&r=g","contentUrl":"https:\/\/secure.gravatar.com\/avatar\/7d9c56d88c214c8f2f1e594a299566f5bebc17cb9d23743059ec64bf40926d5e?s=96&d=mm&r=g","caption":"comll"}}]}},"publishpress_future_action":{"enabled":false,"date":"2026-05-02 10:30:56","action":"change-status","newStatus":"draft","terms":[],"taxonomy":"category","extraData":[]},"publishpress_future_workflow_manual_trigger":{"enabledWorkflows":[]},"_links":{"self":[{"href":"https:\/\/www.comll.cat\/es\/wp-json\/wp\/v2\/posts\/10581","targetHints":{"allow":["GET"]}}],"collection":[{"href":"https:\/\/www.comll.cat\/es\/wp-json\/wp\/v2\/posts"}],"about":[{"href":"https:\/\/www.comll.cat\/es\/wp-json\/wp\/v2\/types\/post"}],"author":[{"embeddable":true,"href":"https:\/\/www.comll.cat\/es\/wp-json\/wp\/v2\/users\/4"}],"replies":[{"embeddable":true,"href":"https:\/\/www.comll.cat\/es\/wp-json\/wp\/v2\/comments?post=10581"}],"version-history":[{"count":2,"href":"https:\/\/www.comll.cat\/es\/wp-json\/wp\/v2\/posts\/10581\/revisions"}],"predecessor-version":[{"id":10591,"href":"https:\/\/www.comll.cat\/es\/wp-json\/wp\/v2\/posts\/10581\/revisions\/10591"}],"wp:featuredmedia":[{"embeddable":true,"href":"https:\/\/www.comll.cat\/es\/wp-json\/wp\/v2\/media\/10157"}],"wp:attachment":[{"href":"https:\/\/www.comll.cat\/es\/wp-json\/wp\/v2\/media?parent=10581"}],"wp:term":[{"taxonomy":"category","embeddable":true,"href":"https:\/\/www.comll.cat\/es\/wp-json\/wp\/v2\/categories?post=10581"},{"taxonomy":"post_tag","embeddable":true,"href":"https:\/\/www.comll.cat\/es\/wp-json\/wp\/v2\/tags?post=10581"}],"curies":[{"name":"wp","href":"https:\/\/api.w.org\/{rel}","templated":true}]}}