{"id":1033,"date":"2020-01-13T11:04:06","date_gmt":"2020-01-13T10:04:06","guid":{"rendered":"https:\/\/www.comll.cat\/v-jornades-nacionals-de-medicina-i-noves-tecnologies-de-semergen-a-aviles\/"},"modified":"2020-01-13T11:04:06","modified_gmt":"2020-01-13T10:04:06","slug":"v-jornades-nacionals-de-medicina-i-noves-tecnologies-de-semergen-a-aviles","status":"publish","type":"post","link":"https:\/\/www.comll.cat\/es\/v-jornades-nacionals-de-medicina-i-noves-tecnologies-de-semergen-a-aviles\/","title":{"rendered":"V Jornades Nacionals de Medicina i Noves Tecnologies de SEMERGEN a Avil\u00e9s"},"content":{"rendered":"<p><img loading=\"lazy\" decoding=\"async\" class=\"alignnone size-medium wp-image-21012\" src=\"https:\/\/www.comll.cat\/wp-content\/uploads\/sites\/3\/semergen-300x38.jpg\" alt=\"Semergen\" width=\"300\" height=\"38\" \/><\/p>\n<p>La Societat Espanyola de Metges d\u2019Atenci\u00f3 Prim\u00e0ria (SEMERGEN) organitza les V Jornades Nacionals de Medicina i Noves Tecnologies. L\u2019activitat tindr\u00e0 lloc els dies 29 i 30 del proper mes de maig, a la Cambra Oficial de Comer\u00e7, Ind\u00fastria i Navegaci\u00f3 d\u2019Avil\u00e9s.<\/p>\n<p>El programa preveu diversos tallers i debats i dues taules rodones sobre l\u2019aplicaci\u00f3 de les noves tecnologies i la comunicaci\u00f3 (TIC) a l\u2019\u00e0mbit sanitari. L\u2019objectiu de la trobada \u00e9s formar els professionals de la salut per detectar, dissenyar i avaluar solucions tecnol\u00f2giques que afavoreixin la salut participativa. Aix\u00ed mateix, es parlar\u00e0 de la millora en efic\u00e0cia i efici\u00e8ncia les intervencions adre\u00e7ades a la promoci\u00f3 i l\u2019educaci\u00f3 de la salut a la poblaci\u00f3 sana i el diagn\u00f2stic i la monitoritzaci\u00f3 de pacients cr\u00f2nics i aguts.<\/p>\n<p>L\u2019horari de les jornades ser\u00e0 de les 8.00 a les 19 hores el divendres 29, i de les 8.00 hores a les 14.00 hores el dissabte 30.<\/p>\n<p>M\u00e9s informaci\u00f3 i inscripcions, a <a href=\"https:\/\/www.jornadasnnttsemergen.com\/index.php\">https:\/\/www.jornadasnnttsemergen.com\/index.php<\/a><\/p>\n","protected":false},"excerpt":{"rendered":"<p>La Societat Espanyola de Metges d\u2019Atenci\u00f3 Prim\u00e0ria (SEMERGEN) organitza les V Jornades Nacionals de Medicina i Noves Tecnologies. L\u2019activitat tindr\u00e0...<\/p>\n","protected":false},"author":1,"featured_media":1034,"comment_status":"closed","ping_status":"closed","sticky":false,"template":"","format":"standard","meta":{"_acf_changed":false,"inline_featured_image":false,"footnotes":""},"categories":[18],"tags":[],"class_list":["post-1033","post","type-post","status-publish","format-standard","has-post-thumbnail","hentry","category-noticias"],"acf":[],"yoast_head":"<!-- This site is optimized with the Yoast SEO plugin v27.5 - https:\/\/yoast.com\/product\/yoast-seo-wordpress\/ -->\n<title>V Jornades Nacionals de Medicina i Noves Tecnologies de SEMERGEN a Avil\u00e9s - Col\u00b7legi Oficial de Metges de Lleida<\/title>\n<meta name=\"robots\" content=\"index, follow, max-snippet:-1, max-image-preview:large, max-video-preview:-1\" \/>\n<link rel=\"canonical\" href=\"https:\/\/www.comll.cat\/es\/v-jornades-nacionals-de-medicina-i-noves-tecnologies-de-semergen-a-aviles\/\" \/>\n<meta property=\"og:locale\" content=\"es_ES\" \/>\n<meta property=\"og:type\" content=\"article\" \/>\n<meta property=\"og:title\" content=\"V Jornades Nacionals de Medicina i Noves Tecnologies de SEMERGEN a Avil\u00e9s - Col\u00b7legi Oficial de Metges de Lleida\" \/>\n<meta property=\"og:description\" content=\"La Societat Espanyola de Metges d\u2019Atenci\u00f3 Prim\u00e0ria (SEMERGEN) organitza les V Jornades Nacionals de Medicina i Noves Tecnologies. L\u2019activitat tindr\u00e0...\" \/>\n<meta property=\"og:url\" content=\"https:\/\/www.comll.cat\/es\/v-jornades-nacionals-de-medicina-i-noves-tecnologies-de-semergen-a-aviles\/\" \/>\n<meta property=\"og:site_name\" content=\"Col\u00b7legi Oficial de Metges de Lleida\" \/>\n<meta property=\"article:published_time\" content=\"2020-01-13T10:04:06+00:00\" \/>\n<meta property=\"og:image\" content=\"https:\/\/www.comll.cat\/es\/wp-content\/uploads\/sites\/3\/semergen.jpg\" \/>\n\t<meta property=\"og:image:width\" content=\"1903\" \/>\n\t<meta property=\"og:image:height\" content=\"240\" \/>\n\t<meta property=\"og:image:type\" content=\"image\/jpeg\" \/>\n<meta name=\"author\" content=\"Albert\" \/>\n<meta name=\"twitter:card\" content=\"summary_large_image\" \/>\n<script type=\"application\/ld+json\" class=\"yoast-schema-graph\">{\"@context\":\"https:\\\/\\\/schema.org\",\"@graph\":[{\"@type\":\"Article\",\"@id\":\"https:\\\/\\\/www.comll.cat\\\/es\\\/v-jornades-nacionals-de-medicina-i-noves-tecnologies-de-semergen-a-aviles\\\/#article\",\"isPartOf\":{\"@id\":\"https:\\\/\\\/www.comll.cat\\\/es\\\/v-jornades-nacionals-de-medicina-i-noves-tecnologies-de-semergen-a-aviles\\\/\"},\"author\":{\"name\":\"Albert\",\"@id\":\"https:\\\/\\\/www.comll.cat\\\/es\\\/#\\\/schema\\\/person\\\/1c7bc4d83b35a927d680cfe0ec9120e0\"},\"headline\":\"V Jornades Nacionals de Medicina i Noves Tecnologies de SEMERGEN a Avil\u00e9s\",\"datePublished\":\"2020-01-13T10:04:06+00:00\",\"mainEntityOfPage\":{\"@id\":\"https:\\\/\\\/www.comll.cat\\\/es\\\/v-jornades-nacionals-de-medicina-i-noves-tecnologies-de-semergen-a-aviles\\\/\"},\"wordCount\":186,\"image\":{\"@id\":\"https:\\\/\\\/www.comll.cat\\\/es\\\/v-jornades-nacionals-de-medicina-i-noves-tecnologies-de-semergen-a-aviles\\\/#primaryimage\"},\"thumbnailUrl\":\"https:\\\/\\\/www.comll.cat\\\/es\\\/wp-content\\\/uploads\\\/sites\\\/3\\\/semergen.jpg\",\"articleSection\":[\"Noticias\"],\"inLanguage\":\"es\"},{\"@type\":\"WebPage\",\"@id\":\"https:\\\/\\\/www.comll.cat\\\/es\\\/v-jornades-nacionals-de-medicina-i-noves-tecnologies-de-semergen-a-aviles\\\/\",\"url\":\"https:\\\/\\\/www.comll.cat\\\/es\\\/v-jornades-nacionals-de-medicina-i-noves-tecnologies-de-semergen-a-aviles\\\/\",\"name\":\"V Jornades Nacionals de Medicina i Noves Tecnologies de SEMERGEN a Avil\u00e9s - Col\u00b7legi Oficial de Metges de Lleida\",\"isPartOf\":{\"@id\":\"https:\\\/\\\/www.comll.cat\\\/es\\\/#website\"},\"primaryImageOfPage\":{\"@id\":\"https:\\\/\\\/www.comll.cat\\\/es\\\/v-jornades-nacionals-de-medicina-i-noves-tecnologies-de-semergen-a-aviles\\\/#primaryimage\"},\"image\":{\"@id\":\"https:\\\/\\\/www.comll.cat\\\/es\\\/v-jornades-nacionals-de-medicina-i-noves-tecnologies-de-semergen-a-aviles\\\/#primaryimage\"},\"thumbnailUrl\":\"https:\\\/\\\/www.comll.cat\\\/es\\\/wp-content\\\/uploads\\\/sites\\\/3\\\/semergen.jpg\",\"datePublished\":\"2020-01-13T10:04:06+00:00\",\"author\":{\"@id\":\"https:\\\/\\\/www.comll.cat\\\/es\\\/#\\\/schema\\\/person\\\/1c7bc4d83b35a927d680cfe0ec9120e0\"},\"breadcrumb\":{\"@id\":\"https:\\\/\\\/www.comll.cat\\\/es\\\/v-jornades-nacionals-de-medicina-i-noves-tecnologies-de-semergen-a-aviles\\\/#breadcrumb\"},\"inLanguage\":\"es\",\"potentialAction\":[{\"@type\":\"ReadAction\",\"target\":[\"https:\\\/\\\/www.comll.cat\\\/es\\\/v-jornades-nacionals-de-medicina-i-noves-tecnologies-de-semergen-a-aviles\\\/\"]}]},{\"@type\":\"ImageObject\",\"inLanguage\":\"es\",\"@id\":\"https:\\\/\\\/www.comll.cat\\\/es\\\/v-jornades-nacionals-de-medicina-i-noves-tecnologies-de-semergen-a-aviles\\\/#primaryimage\",\"url\":\"https:\\\/\\\/www.comll.cat\\\/es\\\/wp-content\\\/uploads\\\/sites\\\/3\\\/semergen.jpg\",\"contentUrl\":\"https:\\\/\\\/www.comll.cat\\\/es\\\/wp-content\\\/uploads\\\/sites\\\/3\\\/semergen.jpg\",\"width\":1903,\"height\":240},{\"@type\":\"BreadcrumbList\",\"@id\":\"https:\\\/\\\/www.comll.cat\\\/es\\\/v-jornades-nacionals-de-medicina-i-noves-tecnologies-de-semergen-a-aviles\\\/#breadcrumb\",\"itemListElement\":[{\"@type\":\"ListItem\",\"position\":1,\"name\":\"Portada\",\"item\":\"https:\\\/\\\/www.comll.cat\\\/es\\\/\"},{\"@type\":\"ListItem\",\"position\":2,\"name\":\"V Jornades Nacionals de Medicina i Noves Tecnologies de SEMERGEN a Avil\u00e9s\"}]},{\"@type\":\"WebSite\",\"@id\":\"https:\\\/\\\/www.comll.cat\\\/es\\\/#website\",\"url\":\"https:\\\/\\\/www.comll.cat\\\/es\\\/\",\"name\":\"Col\u00b7legi Oficial de Metges de Lleida\",\"description\":\"COMLL\",\"potentialAction\":[{\"@type\":\"SearchAction\",\"target\":{\"@type\":\"EntryPoint\",\"urlTemplate\":\"https:\\\/\\\/www.comll.cat\\\/es\\\/?s={search_term_string}\"},\"query-input\":{\"@type\":\"PropertyValueSpecification\",\"valueRequired\":true,\"valueName\":\"search_term_string\"}}],\"inLanguage\":\"es\"},{\"@type\":\"Person\",\"@id\":\"https:\\\/\\\/www.comll.cat\\\/es\\\/#\\\/schema\\\/person\\\/1c7bc4d83b35a927d680cfe0ec9120e0\",\"name\":\"Albert\",\"image\":{\"@type\":\"ImageObject\",\"inLanguage\":\"es\",\"@id\":\"https:\\\/\\\/secure.gravatar.com\\\/avatar\\\/c1261138a5e7882394bd9001104fe7078a2d860997555a5353af4ef7bd38f6db?s=96&d=mm&r=g\",\"url\":\"https:\\\/\\\/secure.gravatar.com\\\/avatar\\\/c1261138a5e7882394bd9001104fe7078a2d860997555a5353af4ef7bd38f6db?s=96&d=mm&r=g\",\"contentUrl\":\"https:\\\/\\\/secure.gravatar.com\\\/avatar\\\/c1261138a5e7882394bd9001104fe7078a2d860997555a5353af4ef7bd38f6db?s=96&d=mm&r=g\",\"caption\":\"Albert\"},\"sameAs\":[\"https:\\\/\\\/www.comll.cat\"]}]}<\/script>\n<!-- \/ Yoast SEO plugin. -->","yoast_head_json":{"title":"V Jornades Nacionals de Medicina i Noves Tecnologies de SEMERGEN a Avil\u00e9s - Col\u00b7legi Oficial de Metges de Lleida","robots":{"index":"index","follow":"follow","max-snippet":"max-snippet:-1","max-image-preview":"max-image-preview:large","max-video-preview":"max-video-preview:-1"},"canonical":"https:\/\/www.comll.cat\/es\/v-jornades-nacionals-de-medicina-i-noves-tecnologies-de-semergen-a-aviles\/","og_locale":"es_ES","og_type":"article","og_title":"V Jornades Nacionals de Medicina i Noves Tecnologies de SEMERGEN a Avil\u00e9s - Col\u00b7legi Oficial de Metges de Lleida","og_description":"La Societat Espanyola de Metges d\u2019Atenci\u00f3 Prim\u00e0ria (SEMERGEN) organitza les V Jornades Nacionals de Medicina i Noves Tecnologies. L\u2019activitat tindr\u00e0...","og_url":"https:\/\/www.comll.cat\/es\/v-jornades-nacionals-de-medicina-i-noves-tecnologies-de-semergen-a-aviles\/","og_site_name":"Col\u00b7legi Oficial de Metges de Lleida","article_published_time":"2020-01-13T10:04:06+00:00","og_image":[{"width":1903,"height":240,"url":"https:\/\/www.comll.cat\/es\/wp-content\/uploads\/sites\/3\/semergen.jpg","type":"image\/jpeg"}],"author":"Albert","twitter_card":"summary_large_image","schema":{"@context":"https:\/\/schema.org","@graph":[{"@type":"Article","@id":"https:\/\/www.comll.cat\/es\/v-jornades-nacionals-de-medicina-i-noves-tecnologies-de-semergen-a-aviles\/#article","isPartOf":{"@id":"https:\/\/www.comll.cat\/es\/v-jornades-nacionals-de-medicina-i-noves-tecnologies-de-semergen-a-aviles\/"},"author":{"name":"Albert","@id":"https:\/\/www.comll.cat\/es\/#\/schema\/person\/1c7bc4d83b35a927d680cfe0ec9120e0"},"headline":"V Jornades Nacionals de Medicina i Noves Tecnologies de SEMERGEN a Avil\u00e9s","datePublished":"2020-01-13T10:04:06+00:00","mainEntityOfPage":{"@id":"https:\/\/www.comll.cat\/es\/v-jornades-nacionals-de-medicina-i-noves-tecnologies-de-semergen-a-aviles\/"},"wordCount":186,"image":{"@id":"https:\/\/www.comll.cat\/es\/v-jornades-nacionals-de-medicina-i-noves-tecnologies-de-semergen-a-aviles\/#primaryimage"},"thumbnailUrl":"https:\/\/www.comll.cat\/es\/wp-content\/uploads\/sites\/3\/semergen.jpg","articleSection":["Noticias"],"inLanguage":"es"},{"@type":"WebPage","@id":"https:\/\/www.comll.cat\/es\/v-jornades-nacionals-de-medicina-i-noves-tecnologies-de-semergen-a-aviles\/","url":"https:\/\/www.comll.cat\/es\/v-jornades-nacionals-de-medicina-i-noves-tecnologies-de-semergen-a-aviles\/","name":"V Jornades Nacionals de Medicina i Noves Tecnologies de SEMERGEN a Avil\u00e9s - Col\u00b7legi Oficial de Metges de Lleida","isPartOf":{"@id":"https:\/\/www.comll.cat\/es\/#website"},"primaryImageOfPage":{"@id":"https:\/\/www.comll.cat\/es\/v-jornades-nacionals-de-medicina-i-noves-tecnologies-de-semergen-a-aviles\/#primaryimage"},"image":{"@id":"https:\/\/www.comll.cat\/es\/v-jornades-nacionals-de-medicina-i-noves-tecnologies-de-semergen-a-aviles\/#primaryimage"},"thumbnailUrl":"https:\/\/www.comll.cat\/es\/wp-content\/uploads\/sites\/3\/semergen.jpg","datePublished":"2020-01-13T10:04:06+00:00","author":{"@id":"https:\/\/www.comll.cat\/es\/#\/schema\/person\/1c7bc4d83b35a927d680cfe0ec9120e0"},"breadcrumb":{"@id":"https:\/\/www.comll.cat\/es\/v-jornades-nacionals-de-medicina-i-noves-tecnologies-de-semergen-a-aviles\/#breadcrumb"},"inLanguage":"es","potentialAction":[{"@type":"ReadAction","target":["https:\/\/www.comll.cat\/es\/v-jornades-nacionals-de-medicina-i-noves-tecnologies-de-semergen-a-aviles\/"]}]},{"@type":"ImageObject","inLanguage":"es","@id":"https:\/\/www.comll.cat\/es\/v-jornades-nacionals-de-medicina-i-noves-tecnologies-de-semergen-a-aviles\/#primaryimage","url":"https:\/\/www.comll.cat\/es\/wp-content\/uploads\/sites\/3\/semergen.jpg","contentUrl":"https:\/\/www.comll.cat\/es\/wp-content\/uploads\/sites\/3\/semergen.jpg","width":1903,"height":240},{"@type":"BreadcrumbList","@id":"https:\/\/www.comll.cat\/es\/v-jornades-nacionals-de-medicina-i-noves-tecnologies-de-semergen-a-aviles\/#breadcrumb","itemListElement":[{"@type":"ListItem","position":1,"name":"Portada","item":"https:\/\/www.comll.cat\/es\/"},{"@type":"ListItem","position":2,"name":"V Jornades Nacionals de Medicina i Noves Tecnologies de SEMERGEN a Avil\u00e9s"}]},{"@type":"WebSite","@id":"https:\/\/www.comll.cat\/es\/#website","url":"https:\/\/www.comll.cat\/es\/","name":"Col\u00b7legi Oficial de Metges de Lleida","description":"COMLL","potentialAction":[{"@type":"SearchAction","target":{"@type":"EntryPoint","urlTemplate":"https:\/\/www.comll.cat\/es\/?s={search_term_string}"},"query-input":{"@type":"PropertyValueSpecification","valueRequired":true,"valueName":"search_term_string"}}],"inLanguage":"es"},{"@type":"Person","@id":"https:\/\/www.comll.cat\/es\/#\/schema\/person\/1c7bc4d83b35a927d680cfe0ec9120e0","name":"Albert","image":{"@type":"ImageObject","inLanguage":"es","@id":"https:\/\/secure.gravatar.com\/avatar\/c1261138a5e7882394bd9001104fe7078a2d860997555a5353af4ef7bd38f6db?s=96&d=mm&r=g","url":"https:\/\/secure.gravatar.com\/avatar\/c1261138a5e7882394bd9001104fe7078a2d860997555a5353af4ef7bd38f6db?s=96&d=mm&r=g","contentUrl":"https:\/\/secure.gravatar.com\/avatar\/c1261138a5e7882394bd9001104fe7078a2d860997555a5353af4ef7bd38f6db?s=96&d=mm&r=g","caption":"Albert"},"sameAs":["https:\/\/www.comll.cat"]}]}},"publishpress_future_action":{"enabled":false,"date":"2026-05-01 15:37:11","action":"change-status","newStatus":"draft","terms":[],"taxonomy":"category","extraData":[]},"publishpress_future_workflow_manual_trigger":{"enabledWorkflows":[]},"_links":{"self":[{"href":"https:\/\/www.comll.cat\/es\/wp-json\/wp\/v2\/posts\/1033","targetHints":{"allow":["GET"]}}],"collection":[{"href":"https:\/\/www.comll.cat\/es\/wp-json\/wp\/v2\/posts"}],"about":[{"href":"https:\/\/www.comll.cat\/es\/wp-json\/wp\/v2\/types\/post"}],"author":[{"embeddable":true,"href":"https:\/\/www.comll.cat\/es\/wp-json\/wp\/v2\/users\/1"}],"replies":[{"embeddable":true,"href":"https:\/\/www.comll.cat\/es\/wp-json\/wp\/v2\/comments?post=1033"}],"version-history":[{"count":0,"href":"https:\/\/www.comll.cat\/es\/wp-json\/wp\/v2\/posts\/1033\/revisions"}],"wp:featuredmedia":[{"embeddable":true,"href":"https:\/\/www.comll.cat\/es\/wp-json\/wp\/v2\/media\/1034"}],"wp:attachment":[{"href":"https:\/\/www.comll.cat\/es\/wp-json\/wp\/v2\/media?parent=1033"}],"wp:term":[{"taxonomy":"category","embeddable":true,"href":"https:\/\/www.comll.cat\/es\/wp-json\/wp\/v2\/categories?post=1033"},{"taxonomy":"post_tag","embeddable":true,"href":"https:\/\/www.comll.cat\/es\/wp-json\/wp\/v2\/tags?post=1033"}],"curies":[{"name":"wp","href":"https:\/\/api.w.org\/{rel}","templated":true}]}}