{"id":7339,"global_id":"www.comll.cat\/es?id=7339","global_id_lineage":["www.comll.cat\/es?id=7339"],"author":"4","status":"publish","date":"2023-03-29 11:55:07","date_utc":"2023-03-29 09:55:07","modified":"2023-04-14 10:57:24","modified_utc":"2023-04-14 08:57:24","url":"https:\/\/www.comll.cat\/es\/agenda\/homenatge-al-nous-collegiats-honorifics-del-comll\/","rest_url":"https:\/\/www.comll.cat\/es\/wp-json\/tribe\/events\/v1\/events\/7339","title":"Homenaje a los nuevos colegiados honor\u00edficos del COMLL","description":"<ul>\n<li><strong>19:00h. Homenaje a los nuevos Colegiados Honor\u00edficos<\/strong>, organizado por la secci\u00f3n de M\u00e9dicos Jubilados en el cual, todo al acabar la asamblea, se har\u00e1 entrega de insignia \u00a0y diploma a los jubilados en el transcurso del a\u00f1o pasado.\u00a0 Pod\u00e9is consultar el listado de colegiados honor\u00edficos homenajeados <a href=\"https:\/\/www.comll.cat\/wp-content\/uploads\/collegiats-honorifics-2023.pdf\">aqu\u00ed<\/a><\/li>\n<li><strong>20:00 h - \"Xarxa: espect\u00e1culo de trapecio y arpa\"<\/strong>, en honor de los homenajeados, que tendr\u00e1 lugar a los jardines del Hospital Santa Maria, a cargo de J\u00falia Farrero (trapecio) y Berta Puigdemassa (arpa).<\/li>\n<\/ul>\n<p>J\u00falia y Berta en escena.<br \/>\nUn trapecio flota en el aire. Una arpa nos transporta a una dimensi\u00f3n celestial.<br \/>\nEl reto com\u00fan: tejer la red que todo lo acoge.<br \/>\nLa red viva donde cada hilo, delicado pero firme, es \u00fanico.<br \/>\nEl dise\u00f1o de la red var\u00eda a cada instante en funci\u00f3n de la respiraci\u00f3n de las cuerdas<\/p>\n<p>* La organizaci\u00f3n se reserva el derecho de modificar, si las circunstancias lo exigen, el programa o los horarios, como tambi\u00e9n de decidir la suspensi\u00f3n del espect\u00e1culo en caso\u00a0de inclemencias\u00a0meteorol\u00f3gicas\u00a0o causa de fuerza mayor.<\/p>","excerpt":"","slug":"homenatge-al-nous-collegiats-honorifics-del-comll","image":{"url":"https:\/\/www.comll.cat\/es\/wp-content\/uploads\/sites\/3\/whatsapp-image-2023-03-02-at-103706.jpeg","id":7340,"extension":"jpeg","width":1024,"height":768,"filesize":97183,"sizes":{"medium":{"width":300,"height":225,"mime-type":"image\/jpeg","filesize":13363,"url":"https:\/\/www.comll.cat\/es\/wp-content\/uploads\/sites\/3\/whatsapp-image-2023-03-02-at-103706-300x225.jpeg"},"thumbnail":{"width":150,"height":150,"mime-type":"image\/jpeg","filesize":5756,"url":"https:\/\/www.comll.cat\/es\/wp-content\/uploads\/sites\/3\/whatsapp-image-2023-03-02-at-103706-150x150.jpeg"},"medium_large":{"width":768,"height":576,"mime-type":"image\/jpeg","filesize":63801,"url":"https:\/\/www.comll.cat\/es\/wp-content\/uploads\/sites\/3\/whatsapp-image-2023-03-02-at-103706-768x576.jpeg"}}},"all_day":false,"start_date":"2023-04-20 19:00:00","start_date_details":{"year":"2023","month":"04","day":"20","hour":"19","minutes":"00","seconds":"00"},"end_date":"2023-04-20 21:00:00","end_date_details":{"year":"2023","month":"04","day":"20","hour":"21","minutes":"00","seconds":"00"},"utc_start_date":"2023-04-20 17:00:00","utc_start_date_details":{"year":"2023","month":"04","day":"20","hour":"17","minutes":"00","seconds":"00"},"utc_end_date":"2023-04-20 19:00:00","utc_end_date_details":{"year":"2023","month":"04","day":"20","hour":"19","minutes":"00","seconds":"00"},"timezone":"Europe\/Madrid","timezone_abbr":"CEST","cost":"","cost_details":{"currency_symbol":"","currency_code":"","currency_position":"suffix","values":[]},"website":"","show_map":false,"show_map_link":false,"hide_from_listings":false,"sticky":false,"featured":false,"categories":[{"name":"Destacado","slug":"destacado","term_group":0,"term_taxonomy_id":152,"taxonomy":"tribe_events_cat","description":"","parent":0,"count":54,"filter":"raw","id":152,"urls":{"self":"https:\/\/www.comll.cat\/es\/wp-json\/tribe\/events\/v1\/categories\/152","collection":"https:\/\/www.comll.cat\/es\/wp-json\/tribe\/events\/v1\/categories"}}],"tags":[],"venue":{"id":7347,"author":"4","status":"publish","date":"2023-03-29 11:55:08","date_utc":"2023-03-29 09:55:08","modified":"2023-03-29 11:55:08","modified_utc":"2023-03-29 09:55:08","url":"https:\/\/www.comll.cat\/es\/local\/sala-de-actos-facultad-de-medicina-udl\/","venue":"Sala de Actos Facultad de Medicina UdL","slug":"sala-de-actos-facultad-de-medicina-udl","address":"Montserrat Roig, 2","city":"Lleida","province":"LLEIDA","zip":"25008","stateprovince":"LLEIDA","json_ld":{"@type":"Place","name":"Sala de Actos Facultad de Medicina UdL","description":"","url":"https:\/\/www.comll.cat\/es\/local\/sala-de-actos-facultad-de-medicina-udl\/","address":{"@type":"PostalAddress","streetAddress":"Montserrat Roig, 2","addressLocality":"Lleida","addressRegion":"LLEIDA","postalCode":"25008"},"telephone":"","sameAs":""},"show_map":true,"show_map_link":true,"global_id":"www.comll.cat\/es?id=7347","global_id_lineage":["www.comll.cat\/es?id=7347"]},"organizer":[{"id":7336,"author":"4","status":"publish","date":"2023-04-14 10:25:04","date_utc":"2023-04-14 08:25:04","modified":"2023-12-01 11:53:21","modified_utc":"2023-12-01 10:53:21","url":"https:\/\/www.comll.cat\/es\/organizador\/seccion-medicos-jubilados\/","organizer":"Secci\u00f3n M\u00e9dicos Senior","slug":"seccion-medicos-jubilados","json_ld":{"@type":"Person","name":"Secci\u00f3n M\u00e9dicos Senior","description":"","url":"","telephone":"","email":"","sameAs":""},"global_id":"www.comll.cat\/es?id=7336","global_id_lineage":["www.comll.cat\/es?id=7336"]}],"custom_fields":[],"json_ld":{"@context":"http:\/\/schema.org","@type":"Event","name":"Homenaje a los nuevos colegiados honor\u00edficos del COMLL","description":"&lt;p&gt;19:00h. Homenaje a los nuevos Colegiados Honor\u00edficos, organizado por la secci\u00f3n de M\u00e9dicos Jubilados en el cual, todo al acabar...&lt;\/p&gt;\\n","image":"https:\/\/www.comll.cat\/es\/wp-content\/uploads\/sites\/3\/whatsapp-image-2023-03-02-at-103706.jpeg","url":"https:\/\/www.comll.cat\/es\/agenda\/homenatge-al-nous-collegiats-honorifics-del-comll\/","eventAttendanceMode":"https:\/\/schema.org\/OfflineEventAttendanceMode","eventStatus":"https:\/\/schema.org\/EventScheduled","startDate":"2023-04-20T19:00:00+02:00","endDate":"2023-04-20T21:00:00+02:00","location":{"@type":"Place","name":"Sala de Actos Facultad de Medicina UdL","description":"","url":"https:\/\/www.comll.cat\/es\/local\/sala-de-actos-facultad-de-medicina-udl\/","address":{"@type":"PostalAddress","streetAddress":"Montserrat Roig, 2","addressLocality":"Lleida","addressRegion":"LLEIDA","postalCode":"25008"},"telephone":"","sameAs":""},"organizer":{"@type":"Person","name":"Secci\u00f3n M\u00e9dicos Senior","description":"","url":"","telephone":"","email":"","sameAs":""},"performer":"Organization"},"is_virtual":false,"virtual_url":null,"virtual_video_source":""}