{"id":7105,"global_id":"www.comll.cat\/es?id=7105","global_id_lineage":["www.comll.cat\/es?id=7105"],"author":"4","status":"publish","date":"2023-03-09 16:43:13","date_utc":"2023-03-09 15:43:13","modified":"2023-03-09 16:43:28","modified_utc":"2023-03-09 15:43:28","url":"https:\/\/www.comll.cat\/es\/agenda\/xerrada-els-beatles-un-fenomen-cultural-irrepetible\/","rest_url":"https:\/\/www.comll.cat\/es\/wp-json\/tribe\/events\/v1\/events\/7105","title":"Charla \"Los Beatles, un fen\u00f3meno cultural irrepetible\"","description":"<p>El profesor de Historia de la M\u00fasica y cr\u00edtico musical <strong>Javier\u00a0de Castro<\/strong> nos adentrar\u00e1 en la historia del famos\u00edsimo grupo brit\u00e1nico, The Beatles, el jueves 23 de marzo a las 18 horas en la sede del COMLL (Rambla Arag\u00f3, 14).<\/p>","excerpt":"","slug":"xerrada-els-beatles-un-fenomen-cultural-irrepetible","image":{"url":"https:\/\/www.comll.cat\/es\/wp-content\/uploads\/sites\/3\/beatles-web-1.png","id":7106,"extension":"png","width":560,"height":315,"filesize":462737,"sizes":{"medium":{"width":300,"height":169,"mime-type":"image\/png","filesize":105644,"url":"https:\/\/www.comll.cat\/es\/wp-content\/uploads\/sites\/3\/beatles-web-1-300x169.png"},"thumbnail":{"width":150,"height":150,"mime-type":"image\/png","filesize":43594,"url":"https:\/\/www.comll.cat\/es\/wp-content\/uploads\/sites\/3\/beatles-web-1-150x150.png"}}},"all_day":false,"start_date":"2023-03-23 18:00:00","start_date_details":{"year":"2023","month":"03","day":"23","hour":"18","minutes":"00","seconds":"00"},"end_date":"2023-03-23 19:30:00","end_date_details":{"year":"2023","month":"03","day":"23","hour":"19","minutes":"30","seconds":"00"},"utc_start_date":"2023-03-23 17:00:00","utc_start_date_details":{"year":"2023","month":"03","day":"23","hour":"17","minutes":"00","seconds":"00"},"utc_end_date":"2023-03-23 18:30:00","utc_end_date_details":{"year":"2023","month":"03","day":"23","hour":"18","minutes":"30","seconds":"00"},"timezone":"Europe\/Madrid","timezone_abbr":"CET","cost":"","cost_details":{"currency_symbol":"","currency_code":"","currency_position":"suffix","values":[]},"website":"","show_map":false,"show_map_link":false,"hide_from_listings":false,"sticky":false,"featured":false,"categories":[{"name":"Destacat","slug":"destacat","term_group":0,"term_taxonomy_id":138,"taxonomy":"tribe_events_cat","description":"","parent":0,"count":18,"filter":"raw","id":138,"urls":{"self":"https:\/\/www.comll.cat\/es\/wp-json\/tribe\/events\/v1\/categories\/138","collection":"https:\/\/www.comll.cat\/es\/wp-json\/tribe\/events\/v1\/categories"}}],"tags":[],"venue":[],"organizer":[],"custom_fields":[],"json_ld":{"@context":"http:\/\/schema.org","@type":"Event","name":"Charla &quot;Los Beatles, un fen\u00f3meno cultural irrepetible&quot;","description":"&lt;p&gt;El profesor de Historia de la M\u00fasica y cr\u00edtico musical Javier\u00a0de Castro nos adentrar\u00e1 en la historia del famos\u00edsimo grupo...&lt;\/p&gt;\\n","image":"https:\/\/www.comll.cat\/es\/wp-content\/uploads\/sites\/3\/beatles-web-1.png","url":"https:\/\/www.comll.cat\/es\/agenda\/xerrada-els-beatles-un-fenomen-cultural-irrepetible\/","eventAttendanceMode":"https:\/\/schema.org\/OfflineEventAttendanceMode","eventStatus":"https:\/\/schema.org\/EventScheduled","startDate":"2023-03-23T18:00:00+01:00","endDate":"2023-03-23T19:30:00+01:00","performer":"Organization"},"is_virtual":false,"virtual_url":null,"virtual_video_source":""}