{"id":2125,"global_id":"www.comll.cat\/es?id=2125","global_id_lineage":["www.comll.cat\/es?id=2125"],"author":"1","status":"publish","date":"2019-05-28 18:40:58","date_utc":"2019-05-28 16:40:58","modified":"2019-05-28 18:40:58","modified_utc":"2019-05-28 16:40:58","url":"https:\/\/www.comll.cat\/es\/agenda\/actualizacion-sobre-el-manejo-de-la-infeccion-por-vih-para-profesionales-de-atencion-primaria-8-10\/","rest_url":"https:\/\/www.comll.cat\/es\/wp-json\/tribe\/events\/v1\/events\/2125","title":"Actualizaci\u00f3n sobre el Manejo de la Infecci\u00f3n por VIH para Profesionales de Atenci\u00f3n Primaria (8\/10)","description":"<p class=\"p28\"><strong><span class=\"s2\">28 Noviembre -VIH i Evelliment<\/span><\/strong><\/p>\n<p class=\"p28\"><span class=\"s2\">Ponent: Dra Eug\u00e8nia Negredo (IrsiCaixa Badalona)<\/span><\/p>\n<p class=\"p28\"><span class=\"s2\">Moderador: Dra Nadia Abdulghani (Unitat VIH, Lleida)<\/span><\/p>\n<p><a href=\"https:\/\/www.comll.cat\/streaming-vih\/\">Acc\u00e9s a STREAMING<\/a><\/p>\n<p><a href=\"https:\/\/drive.google.com\/drive\/folders\/1ZdGk9SUUQaqwRe7UV4ZNArFNWTaYpbzp?usp=sharing\">Acc\u00e9s a les gravacions del curs<\/a><\/p>\n<p>Clica\u00a0<a href=\"https:\/\/www.comll.cat\/jornadas-de-actualizacion-sobre-el-manejo-de-la-infeccion-por-vih-para-profesionales-de-atencion-primaria\/\">AQU\u00cd<\/a> per veure tot el programa i per inscriure\u2019t.<\/p>","excerpt":"","slug":"actualizacion-sobre-el-manejo-de-la-infeccion-por-vih-para-profesionales-de-atencion-primaria-8-10","image":false,"all_day":false,"start_date":"2019-11-28 15:30:00","start_date_details":{"year":"2019","month":"11","day":"28","hour":"15","minutes":"30","seconds":"00"},"end_date":"2019-11-28 17:00:00","end_date_details":{"year":"2019","month":"11","day":"28","hour":"17","minutes":"00","seconds":"00"},"utc_start_date":"2019-11-28 14:30:00","utc_start_date_details":{"year":"2019","month":"11","day":"28","hour":"14","minutes":"30","seconds":"00"},"utc_end_date":"2019-11-28 16:00:00","utc_end_date_details":{"year":"2019","month":"11","day":"28","hour":"16","minutes":"00","seconds":"00"},"timezone":"Europe\/Paris","timezone_abbr":"CET","cost":"","cost_details":{"currency_symbol":"","currency_code":"","currency_position":"suffix","values":[]},"website":"","show_map":true,"show_map_link":true,"hide_from_listings":false,"sticky":false,"featured":false,"categories":[{"name":"Formaci\u00f3","slug":"formacio","term_group":0,"term_taxonomy_id":137,"taxonomy":"tribe_events_cat","description":"","parent":0,"count":81,"filter":"raw","id":137,"urls":{"self":"https:\/\/www.comll.cat\/es\/wp-json\/tribe\/events\/v1\/categories\/137","collection":"https:\/\/www.comll.cat\/es\/wp-json\/tribe\/events\/v1\/categories"}}],"tags":[],"venue":{"id":14245,"author":"4","status":"inherit","date":"2026-03-09 13:19:07","date_utc":"2026-03-09 12:19:07","modified":"2026-03-09 13:25:26","modified_utc":"2026-03-09 12:25:26","url":"https:\/\/www.comll.cat\/es\/bolsa-trabajo\/oferta-varies-especialitats-lleida-huav\/oferta-de-treball-facultatiu-iva-especialista_laboratori-clinic_definitiu\/","venue":"OFERTA-DE-TREBALL-FACULTATIU-IVA-ESPECIALISTA_LABORATORI-CLINIC_DEFINITIU","slug":"oferta-de-treball-facultatiu-iva-especialista_laboratori-clinic_definitiu","show_map":true,"show_map_link":true,"global_id":"www.comll.cat\/es?id=14245","global_id_lineage":["www.comll.cat\/es?id=14245"]},"organizer":[],"custom_fields":[],"json_ld":{"@context":"http:\/\/schema.org","@type":"Event","name":"Actualizaci\u00f3n sobre el Manejo de la Infecci\u00f3n por VIH para Profesionales de Atenci\u00f3n Primaria (8\/10)","description":"&lt;p&gt;28 Noviembre -VIH i Evelliment Ponent: Dra Eug\u00e8nia Negredo (IrsiCaixa Badalona) Moderador: Dra Nadia Abdulghani (Unitat VIH, Lleida) Acc\u00e9s a...&lt;\/p&gt;\\n","url":"https:\/\/www.comll.cat\/es\/agenda\/actualizacion-sobre-el-manejo-de-la-infeccion-por-vih-para-profesionales-de-atencion-primaria-8-10\/","eventAttendanceMode":"https:\/\/schema.org\/OfflineEventAttendanceMode","eventStatus":"https:\/\/schema.org\/EventScheduled","startDate":"2019-11-28T15:30:00+01:00","endDate":"2019-11-28T17:00:00+01:00","location":false,"performer":"Organization"},"is_virtual":false,"virtual_url":null,"virtual_video_source":""}