{"id":13493,"global_id":"www.comll.cat\/es?id=13493","global_id_lineage":["www.comll.cat\/es?id=13493"],"author":"4","status":"publish","date":"2025-12-10 10:23:07","date_utc":"2025-12-10 09:23:07","modified":"2025-12-12 13:18:21","modified_utc":"2025-12-12 12:18:21","url":"https:\/\/www.comll.cat\/es\/agenda\/fiesta-infantil-de-navidad\/","rest_url":"https:\/\/www.comll.cat\/es\/wp-json\/tribe\/events\/v1\/events\/13493","title":"FIESTA INFANTIL DE NAVIDAD","description":"<p>Celebramos, un a\u00f1o m\u00e1s, la <strong>FIESTA INFANTIL DE NAVIDAD, que tendr\u00e1 lugar el jueves 18 de diciembre a partir de las 17:30 horas en la sede de Rovira Roure, 41<\/strong>.<\/p>\n<p>Hemos preparado muchas sorpresas y una merienda especial porque todos, los peque\u00f1os y los m\u00e1s grandes, disfruten de una tarde inolvidable al COMLL. Durante el acontecimiento, haremos la entrega de regalos a todos los ni\u00f1os que han participado en el concurso de dibujo de Navidad y tambi\u00e9n los premios a los tres ganadores de cada una de las categor\u00edas.<\/p>\n<p><strong>Os recomendamos ser puntuales para no perderos nada y venir muy guapos porque durante la fiesta podr\u00e9is grabar una videofelicitaci\u00f3n de Navidad 360\u00b0 para compartir con vuestros amigos y familiares!<\/strong><\/p>\n<p><img loading=\"lazy\" decoding=\"async\" class=\"alignnone size-medium wp-image-13522\" src=\"https:\/\/www.comll.cat\/es\/wp-content\/uploads\/sites\/3\/captura-nadal-360-281x300.jpg\" alt=\"\" width=\"281\" height=\"300\" srcset=\"https:\/\/www.comll.cat\/es\/wp-content\/uploads\/sites\/3\/captura-nadal-360-281x300.jpg 281w, https:\/\/www.comll.cat\/es\/wp-content\/uploads\/sites\/3\/captura-nadal-360.jpg 480w\" sizes=\"auto, (max-width: 281px) 100vw, 281px\" \/><\/p>\n<p>\u2295\u00a0<em><a href=\"https:\/\/docs.google.com\/forms\/d\/e\/1FAIpQLSdPrgTG9l4i8xVcGWD-XXffHIkZgIxvS10_fRy9tlbtsukwtw\/viewform\" target=\"_blank\" rel=\"noreferrer noopener\">Formulario de asistencia<\/a><\/em><\/p>","excerpt":"","slug":"fiesta-infantil-de-navidad","image":{"url":"https:\/\/www.comll.cat\/es\/wp-content\/uploads\/sites\/3\/festa-nadal-1.jpg","id":13523,"extension":"jpg","width":1600,"height":900,"filesize":145335,"sizes":{"medium":{"width":300,"height":169,"mime-type":"image\/jpeg","filesize":21539,"url":"https:\/\/www.comll.cat\/es\/wp-content\/uploads\/sites\/3\/festa-nadal-1-300x169.jpg"},"large":{"width":1024,"height":576,"mime-type":"image\/jpeg","filesize":79777,"url":"https:\/\/www.comll.cat\/es\/wp-content\/uploads\/sites\/3\/festa-nadal-1-1024x576.jpg"},"thumbnail":{"width":150,"height":150,"mime-type":"image\/jpeg","filesize":11546,"url":"https:\/\/www.comll.cat\/es\/wp-content\/uploads\/sites\/3\/festa-nadal-1-150x150.jpg"},"medium_large":{"width":768,"height":432,"mime-type":"image\/jpeg","filesize":58029,"url":"https:\/\/www.comll.cat\/es\/wp-content\/uploads\/sites\/3\/festa-nadal-1-768x432.jpg"},"1536x1536":{"width":1536,"height":864,"mime-type":"image\/jpeg","filesize":129119,"url":"https:\/\/www.comll.cat\/es\/wp-content\/uploads\/sites\/3\/festa-nadal-1-1536x864.jpg"}}},"all_day":false,"start_date":"2025-12-18 17:30:00","start_date_details":{"year":"2025","month":"12","day":"18","hour":"17","minutes":"30","seconds":"00"},"end_date":"2025-12-18 20:00:00","end_date_details":{"year":"2025","month":"12","day":"18","hour":"20","minutes":"00","seconds":"00"},"utc_start_date":"2025-12-18 16:30:00","utc_start_date_details":{"year":"2025","month":"12","day":"18","hour":"16","minutes":"30","seconds":"00"},"utc_end_date":"2025-12-18 19:00:00","utc_end_date_details":{"year":"2025","month":"12","day":"18","hour":"19","minutes":"00","seconds":"00"},"timezone":"Europe\/Madrid","timezone_abbr":"CET","cost":"","cost_details":{"currency_symbol":"\u20ac","currency_code":"USD","currency_position":"suffix","values":[]},"website":"","show_map":false,"show_map_link":true,"hide_from_listings":false,"sticky":false,"featured":false,"categories":[],"tags":[],"venue":[],"organizer":[],"custom_fields":[],"json_ld":{"@context":"http:\/\/schema.org","@type":"Event","name":"FIESTA INFANTIL DE NAVIDAD","description":"&lt;p&gt;Celebramos, un a\u00f1o m\u00e1s, la FIESTA INFANTIL DE NAVIDAD, que tendr\u00e1 lugar el jueves 18 de diciembre a partir de...&lt;\/p&gt;\\n","image":"https:\/\/www.comll.cat\/es\/wp-content\/uploads\/sites\/3\/festa-nadal-1.jpg","url":"https:\/\/www.comll.cat\/es\/agenda\/fiesta-infantil-de-navidad\/","eventAttendanceMode":"https:\/\/schema.org\/OfflineEventAttendanceMode","eventStatus":"https:\/\/schema.org\/EventScheduled","startDate":"2025-12-18T17:30:00+01:00","endDate":"2025-12-18T20:00:00+01:00","performer":"Organization"},"is_virtual":false,"virtual_url":null,"virtual_video_source":""}